{"id":90615,"date":"2026-02-26T14:35:06","date_gmt":"2026-02-26T11:35:06","guid":{"rendered":"https:\/\/www.egemtv.com\/?p=90615"},"modified":"2026-02-26T14:35:07","modified_gmt":"2026-02-26T11:35:07","slug":"mugla-valisi-akbiyik-koycegizde-incelemelerde-bulundu","status":"publish","type":"post","link":"https:\/\/www.egemtv.com\/?p=90615","title":{"rendered":"Mu\u011fla Valisi Akb\u0131y\u0131k, K\u00f6yce\u011fiz\u2019de incelemelerde bulundu"},"content":{"rendered":"<p>Mu\u011fla Valisi Dr. \u0130dris Akb\u0131y\u0131k K\u00f6yce\u011fiz\u2019de bir dizi incelemelerde bulunarak vatanda\u015flar\u0131 ziyaret etti.<\/p>\n<p>Vali Akb\u0131y\u0131k, ilk olarak Tekirda\u011f\u2019\u0131n Marmaraere\u011flisi il\u00e7esi Yeni\u00e7iftlik Mahallesi\u2019ndeki evinde vefat eden Jandarma Uzman \u00c7avu\u015f Kamil Keskin\u2019in K\u00f6yce\u011fiz Toparlar Mahallesi\u2019ndeki baba evine taziye ziyaretinde bulundu. Ard\u0131ndan Vali Akb\u0131y\u0131k, il genelinde etkili olan a\u015f\u0131r\u0131 ya\u011f\u0131\u015flardan K\u00f6yce\u011fiz\u2019de etkilenen b\u00f6lgelerde incelemelerde bulunmak amac\u0131yla Kavakaras\u0131 Mahallesi\u2019ne ge\u00e7ti. Burada a\u015f\u0131r\u0131 ya\u011f\u0131\u015flar nedeniyle zarar g\u00f6ren seralar\u0131 inceledi. \u0130ncelemelerin ard\u0131ndan a\u00e7\u0131klamalarda bulunan Vali Dr. \u0130dris Akb\u0131y\u0131k, ya\u015fanan olumsuzluktan etkilenen \u00fcreticilere ge\u00e7mi\u015f olsun dileklerini ileterek, devletin t\u00fcm imkanlar\u0131yla vatanda\u015flar\u0131n yan\u0131nda oldu\u011funu ifade etti. Daha sonra Vali Akb\u0131y\u0131k, K\u00f6yce\u011fiz Mahalle Muhtar\u0131 Ar\u0131kan Da\u015fk\u0131n ve mahalle sakinleriyle bir araya geldi. K\u00f6yce\u011fiz mahallesi sakinleriyle hasbihal eden Vali Akb\u0131y\u0131k, vatanda\u015flar\u0131n ihtiya\u00e7 talep ve \u00f6nerilerini dinledi.<\/p>\n<p>Akabinde Vali Akb\u0131y\u0131k, K\u00f6yce\u011fiz Kaymakam\u0131 Mert Kumcu ile birlikte K\u00f6yce\u011fiz G\u00f6l\u00fc k\u0131y\u0131s\u0131nda faaliyet g\u00f6steren esnaflar\u0131 ziyaret etti. A\u015f\u0131r\u0131 ya\u011f\u0131\u015flar nedeniyle zarar g\u00f6ren i\u015fyerlerinde incelemelerde bulunan Vali Akb\u0131y\u0131k, esnaflarla hasbihal ederek hay\u0131rl\u0131 i\u015fler ve bereketli bol kazan\u00e7 temennisinde bulundu. Heyet, yenilenen K\u00f6yce\u011fiz Su Sporlar\u0131 ve Kamp E\u011fitim Merkezi\u2019ne ge\u00e7ti. K\u00f6yce\u011fiz Su Sporlar\u0131 ve Kamp E\u011fitim Merkezi Tesis Amiri G\u00f6zde Aydemir\u2019den bilgi alan Vali Akb\u0131y\u0131k, yenilenen e\u011fitim merkezinde incelemelerde bulunurken, antrenman yapan sporculara ba\u015far\u0131lar diledi. Vali Dr. \u0130dris Akb\u0131y\u0131k son olarak K\u00f6yce\u011fiz Kaymakaml\u0131\u011f\u0131n\u0131 ziyaret etti. K\u00f6yce\u011fiz Kaymakam\u0131 Mert Kumcu\u2019dan \u0130l\u00e7ede yap\u0131lan \u00e7al\u0131\u015fmalar hakk\u0131nda bilgi alan Vali Akb\u0131y\u0131k, yap\u0131lmas\u0131 planlanan altyap\u0131 ve \u00fcstyap\u0131 projeleri hakk\u0131nda isti\u015farelerde bulundu. Vali Akb\u0131y\u0131k, \u00f6\u011frencilerle d\u00fczenlenen iftar program\u0131ndan sonra il\u00e7eden ayr\u0131ld\u0131.<br \/><\/p>\n","protected":false},"excerpt":{"rendered":"<p>Mu\u011fla Valisi Dr. \u0130dris Akb\u0131y\u0131k K\u00f6yce\u011fiz\u2019de bir dizi incelemelerde bulunarak vatanda\u015flar\u0131 ziyaret etti. Vali Akb\u0131y\u0131k, ilk olarak Tekirda\u011f\u2019\u0131n Marmaraere\u011flisi il\u00e7esi Yeni\u00e7iftlik Mahallesi\u2019ndeki evinde vefat eden Jandarma Uzman \u00c7avu\u015f Kamil Keskin\u2019in K\u00f6yce\u011fiz Toparlar Mahallesi\u2019ndeki baba evine taziye ziyaretinde bulundu. Ard\u0131ndan Vali Akb\u0131y\u0131k, il genelinde etkili olan a\u015f\u0131r\u0131 ya\u011f\u0131\u015flardan K\u00f6yce\u011fiz\u2019de etkilenen b\u00f6lgelerde incelemelerde bulunmak amac\u0131yla Kavakaras\u0131 Mahallesi\u2019ne&#8230;<\/p>\n","protected":false},"author":1,"featured_media":90616,"comment_status":"open","ping_status":"open","sticky":false,"template":"","format":"standard","meta":{"_crdt_document":"","footnotes":""},"categories":[1],"tags":[],"class_list":["post-90615","post","type-post","status-publish","format-standard","has-post-thumbnail","hentry","category-guncel"],"_links":{"self":[{"href":"https:\/\/www.egemtv.com\/index.php?rest_route=\/wp\/v2\/posts\/90615","targetHints":{"allow":["GET"]}}],"collection":[{"href":"https:\/\/www.egemtv.com\/index.php?rest_route=\/wp\/v2\/posts"}],"about":[{"href":"https:\/\/www.egemtv.com\/index.php?rest_route=\/wp\/v2\/types\/post"}],"author":[{"embeddable":true,"href":"https:\/\/www.egemtv.com\/index.php?rest_route=\/wp\/v2\/users\/1"}],"replies":[{"embeddable":true,"href":"https:\/\/www.egemtv.com\/index.php?rest_route=%2Fwp%2Fv2%2Fcomments&post=90615"}],"version-history":[{"count":1,"href":"https:\/\/www.egemtv.com\/index.php?rest_route=\/wp\/v2\/posts\/90615\/revisions"}],"predecessor-version":[{"id":90617,"href":"https:\/\/www.egemtv.com\/index.php?rest_route=\/wp\/v2\/posts\/90615\/revisions\/90617"}],"wp:featuredmedia":[{"embeddable":true,"href":"https:\/\/www.egemtv.com\/index.php?rest_route=\/wp\/v2\/media\/90616"}],"wp:attachment":[{"href":"https:\/\/www.egemtv.com\/index.php?rest_route=%2Fwp%2Fv2%2Fmedia&parent=90615"}],"wp:term":[{"taxonomy":"category","embeddable":true,"href":"https:\/\/www.egemtv.com\/index.php?rest_route=%2Fwp%2Fv2%2Fcategories&post=90615"},{"taxonomy":"post_tag","embeddable":true,"href":"https:\/\/www.egemtv.com\/index.php?rest_route=%2Fwp%2Fv2%2Ftags&post=90615"}],"curies":[{"name":"wp","href":"https:\/\/api.w.org\/{rel}","templated":true}]}}