{"id":90612,"date":"2026-02-26T14:35:04","date_gmt":"2026-02-26T11:35:04","guid":{"rendered":"https:\/\/www.egemtv.com\/?p=90612"},"modified":"2026-02-26T14:35:05","modified_gmt":"2026-02-26T11:35:05","slug":"kovada-golu-milli-parkinda-yaban-hayati-fotokapana-yansidi","status":"publish","type":"post","link":"https:\/\/www.egemtv.com\/?p=90612","title":{"rendered":"Kovada G\u00f6l\u00fc Milli Park\u0131\u2019nda yaban hayat\u0131 fotokapana yans\u0131d\u0131"},"content":{"rendered":"<p>Isparta\u2019daki Kovada G\u00f6l\u00fc Milli Park\u0131\u2019nda yaban ke\u00e7isi, y\u0131lk\u0131 atlar\u0131, kurt, sincap ve geyi\u011fin g\u00f6r\u00fcnt\u00fcleri fotokapana yans\u0131d\u0131.<br \/>\n<br \/>Do\u011fa Koruma ve Milli Parklar 6. B\u00f6lge M\u00fcd\u00fcrl\u00fc\u011f\u00fc Kovada G\u00f6l\u00fc Milli Park \u015eefli\u011fi ekiplerinin y\u00fcr\u00fctt\u00fc\u011f\u00fc \u00e7al\u0131\u015fmalar kapsam\u0131nda milli parkta yaban hayat\u0131 g\u00f6r\u00fcnt\u00fclendi. Fotokapanlara yans\u0131yan karelerde yaban ke\u00e7isi, y\u0131lk\u0131 atlar\u0131, kurt, sincap ve geyik gibi t\u00fcrler yer ald\u0131.<\/p>\n<p>Fotokapanlarla yaban hayat\u0131 envanteri g\u00fcncelleniyor<br \/>\n<br \/>M\u00fcd\u00fcrl\u00fc\u011f\u00fcn sosyal medya hesab\u0131ndan yap\u0131lan payla\u015f\u0131mda, fotokapan \u00e7al\u0131\u015fmalar\u0131yla yaban hayat\u0131 envanterinin g\u00fcncellendi\u011fi belirtilerek, &#8220;Do\u011fan\u0131n gizli kahramanlar\u0131n\u0131 yak\u0131ndan takip ediyoruz. Yaban ke\u00e7isi, geyik, y\u0131lk\u0131 at\u0131 ve daha fazlas\u0131. Do\u011fal miras\u0131m\u0131z\u0131 korumak i\u00e7in sahaday\u0131z&#8221; ifadelerine yer verildi.<br \/><\/p>\n","protected":false},"excerpt":{"rendered":"<p>Isparta\u2019daki Kovada G\u00f6l\u00fc Milli Park\u0131\u2019nda yaban ke\u00e7isi, y\u0131lk\u0131 atlar\u0131, kurt, sincap ve geyi\u011fin g\u00f6r\u00fcnt\u00fcleri fotokapana yans\u0131d\u0131. Do\u011fa Koruma ve Milli Parklar 6. B\u00f6lge M\u00fcd\u00fcrl\u00fc\u011f\u00fc Kovada G\u00f6l\u00fc Milli Park \u015eefli\u011fi ekiplerinin y\u00fcr\u00fctt\u00fc\u011f\u00fc \u00e7al\u0131\u015fmalar kapsam\u0131nda milli parkta yaban hayat\u0131 g\u00f6r\u00fcnt\u00fclendi. Fotokapanlara yans\u0131yan karelerde yaban ke\u00e7isi, y\u0131lk\u0131 atlar\u0131, kurt, sincap ve geyik gibi t\u00fcrler yer ald\u0131. Fotokapanlarla yaban&#8230;<\/p>\n","protected":false},"author":1,"featured_media":90613,"comment_status":"open","ping_status":"open","sticky":false,"template":"","format":"standard","meta":{"_crdt_document":"","footnotes":""},"categories":[1],"tags":[],"class_list":["post-90612","post","type-post","status-publish","format-standard","has-post-thumbnail","hentry","category-guncel"],"_links":{"self":[{"href":"https:\/\/www.egemtv.com\/index.php?rest_route=\/wp\/v2\/posts\/90612","targetHints":{"allow":["GET"]}}],"collection":[{"href":"https:\/\/www.egemtv.com\/index.php?rest_route=\/wp\/v2\/posts"}],"about":[{"href":"https:\/\/www.egemtv.com\/index.php?rest_route=\/wp\/v2\/types\/post"}],"author":[{"embeddable":true,"href":"https:\/\/www.egemtv.com\/index.php?rest_route=\/wp\/v2\/users\/1"}],"replies":[{"embeddable":true,"href":"https:\/\/www.egemtv.com\/index.php?rest_route=%2Fwp%2Fv2%2Fcomments&post=90612"}],"version-history":[{"count":1,"href":"https:\/\/www.egemtv.com\/index.php?rest_route=\/wp\/v2\/posts\/90612\/revisions"}],"predecessor-version":[{"id":90614,"href":"https:\/\/www.egemtv.com\/index.php?rest_route=\/wp\/v2\/posts\/90612\/revisions\/90614"}],"wp:featuredmedia":[{"embeddable":true,"href":"https:\/\/www.egemtv.com\/index.php?rest_route=\/wp\/v2\/media\/90613"}],"wp:attachment":[{"href":"https:\/\/www.egemtv.com\/index.php?rest_route=%2Fwp%2Fv2%2Fmedia&parent=90612"}],"wp:term":[{"taxonomy":"category","embeddable":true,"href":"https:\/\/www.egemtv.com\/index.php?rest_route=%2Fwp%2Fv2%2Fcategories&post=90612"},{"taxonomy":"post_tag","embeddable":true,"href":"https:\/\/www.egemtv.com\/index.php?rest_route=%2Fwp%2Fv2%2Ftags&post=90612"}],"curies":[{"name":"wp","href":"https:\/\/api.w.org\/{rel}","templated":true}]}}