{"id":90609,"date":"2026-02-26T14:35:02","date_gmt":"2026-02-26T11:35:02","guid":{"rendered":"https:\/\/www.egemtv.com\/?p=90609"},"modified":"2026-02-26T14:35:04","modified_gmt":"2026-02-26T11:35:04","slug":"sunnetciye-ogrencilerden-ramazan-ziyareti","status":"publish","type":"post","link":"https:\/\/www.egemtv.com\/?p=90609","title":{"rendered":"S\u00fcnnetci\u2019ye \u00f6\u011frencilerden Ramazan ziyareti"},"content":{"rendered":"<p>Afyonkarahisar\u2019da Atat\u00fcrk Mesleki ve Teknik Anadolu Lisesi ve \u015eehit Sami \u00c7ifci \u0130mam Hatip Ortaokulu \u00f6\u011frencileri, okul idarecileri ve \u00f6\u011fretmenlerinin e\u015fli\u011finde Ramazan ay\u0131n\u0131n manevi ikliminde \u0130l Milli E\u011fitim M\u00fcd\u00fcr\u00fc Mira\u00e7 S\u00fcnnetci\u2019yi makam\u0131nda ziyaret etti.<br \/>\n<br \/>Samimi ve s\u0131cak bir atmosferde ger\u00e7ekle\u015fen ziyaretlerde \u00f6\u011frenciler, Ramazan ay\u0131n\u0131n birlik, beraberlik ve payla\u015fma ruhunu yans\u0131tan iyi dileklerini Ramazan ilahilerinde, Hacivat ve Karag\u00f6z Ortaoyununda ve Nasreddin Hoca nasihatlar\u0131n\u0131 iletti. Gen\u00e7lerin nezaketi ve duyarl\u0131l\u0131\u011f\u0131, Ramazan\u2019\u0131n g\u00f6n\u00fclleri birle\u015ftiren iklimini bir kez daha hissettirdi.<br \/>\n<br \/>\u0130l Milli E\u011fitim M\u00fcd\u00fcr\u00fc Mira\u00e7 S\u00fcnnetci, ziyaretten duydu\u011fu memnuniyeti dile getirerek &#8220;Ramazan karde\u015fli\u011fin, merhametin ve dayan\u0131\u015fman\u0131n ay\u0131d\u0131r. Siz k\u0131ymetli evlatlar\u0131m\u0131z\u0131n bu anlaml\u0131 ziyareti bizlere umut ve g\u00fc\u00e7 veriyor. E\u011fitimin sadece akademik ba\u015far\u0131dan ibaret olmad\u0131\u011f\u0131n\u0131 de\u011ferleriyle b\u00fcy\u00fcyen, milli ve manevi hassasiyetleri g\u00fc\u00e7l\u00fc bir neslin yeti\u015fmesinin en b\u00fcy\u00fck hedefimiz oldu\u011funu bir kez daha g\u00f6r\u00fcyor Maarifin Kalbinde Ramazan\u2019\u0131n b\u00fcy\u00fcd\u00fc\u011f\u00fcne \u015fahit oluyoruz. T\u00fcrkiye Y\u00fczy\u0131l\u0131\u2019n\u0131 in\u015fa edecek olan sizlersiniz. Yolunuz a\u00e7\u0131k, g\u00f6nl\u00fcn\u00fcz ayd\u0131nl\u0131k olsun&#8221; dedi.<br \/><\/p>\n","protected":false},"excerpt":{"rendered":"<p>Afyonkarahisar\u2019da Atat\u00fcrk Mesleki ve Teknik Anadolu Lisesi ve \u015eehit Sami \u00c7ifci \u0130mam Hatip Ortaokulu \u00f6\u011frencileri, okul idarecileri ve \u00f6\u011fretmenlerinin e\u015fli\u011finde Ramazan ay\u0131n\u0131n manevi ikliminde \u0130l Milli E\u011fitim M\u00fcd\u00fcr\u00fc Mira\u00e7 S\u00fcnnetci\u2019yi makam\u0131nda ziyaret etti. Samimi ve s\u0131cak bir atmosferde ger\u00e7ekle\u015fen ziyaretlerde \u00f6\u011frenciler, Ramazan ay\u0131n\u0131n birlik, beraberlik ve payla\u015fma ruhunu yans\u0131tan iyi dileklerini Ramazan ilahilerinde, Hacivat ve&#8230;<\/p>\n","protected":false},"author":1,"featured_media":90610,"comment_status":"open","ping_status":"open","sticky":false,"template":"","format":"standard","meta":{"_crdt_document":"","footnotes":""},"categories":[1],"tags":[],"class_list":["post-90609","post","type-post","status-publish","format-standard","has-post-thumbnail","hentry","category-guncel"],"_links":{"self":[{"href":"https:\/\/www.egemtv.com\/index.php?rest_route=\/wp\/v2\/posts\/90609","targetHints":{"allow":["GET"]}}],"collection":[{"href":"https:\/\/www.egemtv.com\/index.php?rest_route=\/wp\/v2\/posts"}],"about":[{"href":"https:\/\/www.egemtv.com\/index.php?rest_route=\/wp\/v2\/types\/post"}],"author":[{"embeddable":true,"href":"https:\/\/www.egemtv.com\/index.php?rest_route=\/wp\/v2\/users\/1"}],"replies":[{"embeddable":true,"href":"https:\/\/www.egemtv.com\/index.php?rest_route=%2Fwp%2Fv2%2Fcomments&post=90609"}],"version-history":[{"count":1,"href":"https:\/\/www.egemtv.com\/index.php?rest_route=\/wp\/v2\/posts\/90609\/revisions"}],"predecessor-version":[{"id":90611,"href":"https:\/\/www.egemtv.com\/index.php?rest_route=\/wp\/v2\/posts\/90609\/revisions\/90611"}],"wp:featuredmedia":[{"embeddable":true,"href":"https:\/\/www.egemtv.com\/index.php?rest_route=\/wp\/v2\/media\/90610"}],"wp:attachment":[{"href":"https:\/\/www.egemtv.com\/index.php?rest_route=%2Fwp%2Fv2%2Fmedia&parent=90609"}],"wp:term":[{"taxonomy":"category","embeddable":true,"href":"https:\/\/www.egemtv.com\/index.php?rest_route=%2Fwp%2Fv2%2Fcategories&post=90609"},{"taxonomy":"post_tag","embeddable":true,"href":"https:\/\/www.egemtv.com\/index.php?rest_route=%2Fwp%2Fv2%2Ftags&post=90609"}],"curies":[{"name":"wp","href":"https:\/\/api.w.org\/{rel}","templated":true}]}}