{"id":90606,"date":"2026-02-26T14:35:00","date_gmt":"2026-02-26T11:35:00","guid":{"rendered":"https:\/\/www.egemtv.com\/?p=90606"},"modified":"2026-02-26T14:35:01","modified_gmt":"2026-02-26T11:35:01","slug":"burdurda-elevator-zincirine-elini-kaptiran-isci-yaralandi","status":"publish","type":"post","link":"https:\/\/www.egemtv.com\/?p=90606","title":{"rendered":"Burdur\u2019da elevat\u00f6r zincirine elini kapt\u0131ran i\u015f\u00e7i yaraland\u0131"},"content":{"rendered":"<p>Burdur\u2019da fabrikada bak\u0131m \u00e7al\u0131\u015fmalar\u0131 s\u0131ras\u0131nda elini elevat\u00f6r zincirine kapt\u0131ran i\u015f\u00e7i yaraland\u0131.<br \/>\n<br \/>Olay, saat 11.00 s\u0131ralar\u0131nda Burdur \u015eeker Fabrikas\u0131\u2019nda meydana geldi. Edinilen bilgiye g\u00f6re, fabrikada bak\u0131m \u00e7al\u0131\u015fmalar\u0131 s\u0131ras\u0131nda H.A. isimli i\u015f\u00e7i elini elevat\u00f6r zincirine kapt\u0131rarak yaraland\u0131. \u0130hbar \u00fczerine olay yerine sa\u011fl\u0131k ve polis ekipleri sevk edildi. Yaral\u0131 i\u015f\u00e7i, sa\u011fl\u0131k ekipleri taraf\u0131ndan yap\u0131lan ilk m\u00fcdahalenin ard\u0131ndan ambulansla Burdur Devlet Hastanesi\u2019ne kald\u0131r\u0131larak tedavi alt\u0131na al\u0131nd\u0131. \u0130\u015f\u00e7inin sa\u011fl\u0131k durumunun iyi oldu\u011fu \u00f6\u011frenilirken, olayla ilgili inceleme ba\u015flat\u0131ld\u0131.<br \/><\/p>\n","protected":false},"excerpt":{"rendered":"<p>Burdur\u2019da fabrikada bak\u0131m \u00e7al\u0131\u015fmalar\u0131 s\u0131ras\u0131nda elini elevat\u00f6r zincirine kapt\u0131ran i\u015f\u00e7i yaraland\u0131. Olay, saat 11.00 s\u0131ralar\u0131nda Burdur \u015eeker Fabrikas\u0131\u2019nda meydana geldi. Edinilen bilgiye g\u00f6re, fabrikada bak\u0131m \u00e7al\u0131\u015fmalar\u0131 s\u0131ras\u0131nda H.A. isimli i\u015f\u00e7i elini elevat\u00f6r zincirine kapt\u0131rarak yaraland\u0131. \u0130hbar \u00fczerine olay yerine sa\u011fl\u0131k ve polis ekipleri sevk edildi. Yaral\u0131 i\u015f\u00e7i, sa\u011fl\u0131k ekipleri taraf\u0131ndan yap\u0131lan ilk m\u00fcdahalenin ard\u0131ndan ambulansla&#8230;<\/p>\n","protected":false},"author":1,"featured_media":90607,"comment_status":"open","ping_status":"open","sticky":false,"template":"","format":"standard","meta":{"_crdt_document":"","footnotes":""},"categories":[5],"tags":[],"class_list":["post-90606","post","type-post","status-publish","format-standard","has-post-thumbnail","hentry","category-asayis"],"_links":{"self":[{"href":"https:\/\/www.egemtv.com\/index.php?rest_route=\/wp\/v2\/posts\/90606","targetHints":{"allow":["GET"]}}],"collection":[{"href":"https:\/\/www.egemtv.com\/index.php?rest_route=\/wp\/v2\/posts"}],"about":[{"href":"https:\/\/www.egemtv.com\/index.php?rest_route=\/wp\/v2\/types\/post"}],"author":[{"embeddable":true,"href":"https:\/\/www.egemtv.com\/index.php?rest_route=\/wp\/v2\/users\/1"}],"replies":[{"embeddable":true,"href":"https:\/\/www.egemtv.com\/index.php?rest_route=%2Fwp%2Fv2%2Fcomments&post=90606"}],"version-history":[{"count":1,"href":"https:\/\/www.egemtv.com\/index.php?rest_route=\/wp\/v2\/posts\/90606\/revisions"}],"predecessor-version":[{"id":90608,"href":"https:\/\/www.egemtv.com\/index.php?rest_route=\/wp\/v2\/posts\/90606\/revisions\/90608"}],"wp:featuredmedia":[{"embeddable":true,"href":"https:\/\/www.egemtv.com\/index.php?rest_route=\/wp\/v2\/media\/90607"}],"wp:attachment":[{"href":"https:\/\/www.egemtv.com\/index.php?rest_route=%2Fwp%2Fv2%2Fmedia&parent=90606"}],"wp:term":[{"taxonomy":"category","embeddable":true,"href":"https:\/\/www.egemtv.com\/index.php?rest_route=%2Fwp%2Fv2%2Fcategories&post=90606"},{"taxonomy":"post_tag","embeddable":true,"href":"https:\/\/www.egemtv.com\/index.php?rest_route=%2Fwp%2Fv2%2Ftags&post=90606"}],"curies":[{"name":"wp","href":"https:\/\/api.w.org\/{rel}","templated":true}]}}