{"id":90603,"date":"2026-02-26T14:15:43","date_gmt":"2026-02-26T11:15:43","guid":{"rendered":"https:\/\/www.egemtv.com\/?p=90603"},"modified":"2026-02-26T14:15:44","modified_gmt":"2026-02-26T11:15:44","slug":"gordes-huzurevi-sakinleri-iftar-sofrasinda-bulustu","status":"publish","type":"post","link":"https:\/\/www.egemtv.com\/?p=90603","title":{"rendered":"G\u00f6rdes Huzurevi sakinleri iftar sofras\u0131nda bulu\u015ftu"},"content":{"rendered":"<p>G\u00f6rdes Huzurevi\u2019nde d\u00fczenlenen iftar program\u0131nda protokol \u00fcyeleri ve huzurevi sakinleri ayn\u0131 sofrada bulu\u015ftu; Kur\u2019an-\u0131 Kerim tilaveti, geleneksel g\u00f6steriler ve hediye takdimiyle program renkli g\u00f6r\u00fcnt\u00fclere sahne oldu.<br \/>\n<br \/>G\u00f6rdes Huzurevi Ya\u015fl\u0131 Bak\u0131m ve Rehabilitasyon Merkezi taraf\u0131ndan d\u00fczenlenen iftar program\u0131nda protokol \u00fcyeleri ile huzurevi sakinleri ayn\u0131 sofrada bulu\u015ftu. G\u00f6rdes Huzurevi\u2019nde ger\u00e7ekle\u015ftirilen iftar program\u0131na \u0130l\u00e7e Kaymakam\u0131 Sercan Sakarya, Manisa Aile ve Sosyal Hizmetler \u0130l M\u00fcd\u00fcr\u00fc Kuduret G\u00fclta\u015f, \u0130l\u00e7e Jandarma Komutan\u0131 Jandarma \u00dcste\u011fmen Ramazan \u00c7etin, G\u00f6rdes Huzurevi M\u00fcd\u00fcr\u00fc Hakk\u0131 Altungeyik, Turgutlu Sosyal Hizmetler M\u00fcd\u00fcr\u00fc Halil \u00d6zman, G\u00f6rdes \u0130l\u00e7e Sa\u011fl\u0131k M\u00fcd\u00fcr\u00fc Emrullah Demirel, G\u00f6rdes Devlet Hastanesi M\u00fcd\u00fcr\u00fc Deniz Dilcan, \u0130l\u00e7e Sosyal Yard\u0131mla\u015fma ve Dayan\u0131\u015fma M\u00fcd\u00fcr\u00fc Davut Akyol ile huzurevi personeli ve sakinleri kat\u0131ld\u0131.<br \/>\n<br \/>Yemekhane salonunda kurulan masalarda bir araya gelen huzurevi sakinleri, iftar \u00f6ncesinde \u0130l M\u00fcd\u00fcr\u00fc Kuduret G\u00fclta\u015f ve Kaymakam Sercan Sakarya ile sohbet etti. \u0130ftar vakti top at\u0131\u015f\u0131yla oru\u00e7lar a\u00e7\u0131l\u0131rken, G\u00f6rdes Haf\u0131zl\u0131k Kur\u2019an Kursu hocas\u0131 Mustafa Devrik ve \u00f6\u011frencileri Kur\u2019an-\u0131 Kerim tilaveti ger\u00e7ekle\u015ftirdi.<br \/>\n<br \/>Programda konu\u015fan Huzurevi M\u00fcd\u00fcr\u00fc Hakk\u0131 Altungeyik, Ramazan ay\u0131n\u0131n birlik, beraberlik ve payla\u015fma duygular\u0131n\u0131 g\u00fc\u00e7lendirdi\u011fini belirterek, &#8220;M\u00fcbarek Ramazan ay\u0131n\u0131n manevi ikliminde ayn\u0131 sofran\u0131n etraf\u0131nda bulu\u015fman\u0131n huzurunu ya\u015f\u0131yoruz. Devletimizin \u015fefkat elini temsil eden bir kurum olarak b\u00fcy\u00fcklerimizle ve k\u0131ymetli misafirlerimizle ayn\u0131 sofrada bulu\u015fmaktan gurur duyuyoruz. Sizler bu \u00fclkenin haf\u0131zas\u0131, eme\u011fi ve duas\u0131s\u0131n\u0131z. Kat\u0131l\u0131mlar\u0131n\u0131z i\u00e7in te\u015fekk\u00fcr ediyorum&#8221; dedi.<br \/>\n<br \/>Program, Salihli\u2019den gelen SAT Sanat Toplulu\u011fu\u2019nun sergiledi\u011fi geleneksel ortaoyunu g\u00f6sterisiyle devam etti. Etkinlikte \u0130l M\u00fcd\u00fcr\u00fc Kuduret G\u00fclta\u015f ve Kaymakam Sercan Sakarya huzurevi sakinleriyle sohbet ederek \u00e7e\u015fitli hediyeler verdi. Program hat\u0131ra foto\u011fraflar\u0131n\u0131n \u00e7ekilmesiyle sona erdi.<br \/><\/p>\n","protected":false},"excerpt":{"rendered":"<p>G\u00f6rdes Huzurevi\u2019nde d\u00fczenlenen iftar program\u0131nda protokol \u00fcyeleri ve huzurevi sakinleri ayn\u0131 sofrada bulu\u015ftu; Kur\u2019an-\u0131 Kerim tilaveti, geleneksel g\u00f6steriler ve hediye takdimiyle program renkli g\u00f6r\u00fcnt\u00fclere sahne oldu. G\u00f6rdes Huzurevi Ya\u015fl\u0131 Bak\u0131m ve Rehabilitasyon Merkezi taraf\u0131ndan d\u00fczenlenen iftar program\u0131nda protokol \u00fcyeleri ile huzurevi sakinleri ayn\u0131 sofrada bulu\u015ftu. G\u00f6rdes Huzurevi\u2019nde ger\u00e7ekle\u015ftirilen iftar program\u0131na \u0130l\u00e7e Kaymakam\u0131 Sercan Sakarya, Manisa&#8230;<\/p>\n","protected":false},"author":1,"featured_media":90604,"comment_status":"open","ping_status":"open","sticky":false,"template":"","format":"standard","meta":{"_crdt_document":"","footnotes":""},"categories":[123],"tags":[],"class_list":["post-90603","post","type-post","status-publish","format-standard","has-post-thumbnail","hentry","category-gundem"],"_links":{"self":[{"href":"https:\/\/www.egemtv.com\/index.php?rest_route=\/wp\/v2\/posts\/90603","targetHints":{"allow":["GET"]}}],"collection":[{"href":"https:\/\/www.egemtv.com\/index.php?rest_route=\/wp\/v2\/posts"}],"about":[{"href":"https:\/\/www.egemtv.com\/index.php?rest_route=\/wp\/v2\/types\/post"}],"author":[{"embeddable":true,"href":"https:\/\/www.egemtv.com\/index.php?rest_route=\/wp\/v2\/users\/1"}],"replies":[{"embeddable":true,"href":"https:\/\/www.egemtv.com\/index.php?rest_route=%2Fwp%2Fv2%2Fcomments&post=90603"}],"version-history":[{"count":1,"href":"https:\/\/www.egemtv.com\/index.php?rest_route=\/wp\/v2\/posts\/90603\/revisions"}],"predecessor-version":[{"id":90605,"href":"https:\/\/www.egemtv.com\/index.php?rest_route=\/wp\/v2\/posts\/90603\/revisions\/90605"}],"wp:featuredmedia":[{"embeddable":true,"href":"https:\/\/www.egemtv.com\/index.php?rest_route=\/wp\/v2\/media\/90604"}],"wp:attachment":[{"href":"https:\/\/www.egemtv.com\/index.php?rest_route=%2Fwp%2Fv2%2Fmedia&parent=90603"}],"wp:term":[{"taxonomy":"category","embeddable":true,"href":"https:\/\/www.egemtv.com\/index.php?rest_route=%2Fwp%2Fv2%2Fcategories&post=90603"},{"taxonomy":"post_tag","embeddable":true,"href":"https:\/\/www.egemtv.com\/index.php?rest_route=%2Fwp%2Fv2%2Ftags&post=90603"}],"curies":[{"name":"wp","href":"https:\/\/api.w.org\/{rel}","templated":true}]}}