{"id":90600,"date":"2026-02-26T14:15:42","date_gmt":"2026-02-26T11:15:42","guid":{"rendered":"https:\/\/www.egemtv.com\/?p=90600"},"modified":"2026-02-26T14:15:42","modified_gmt":"2026-02-26T11:15:42","slug":"izbeton-asye-yonelik-asfalt-kaplama-ve-yol-insaat-yenileme-isi-davasinda-taniklar-dinlendi","status":"publish","type":"post","link":"https:\/\/www.egemtv.com\/?p=90600","title":{"rendered":"\u0130ZBETON A\u015e\u2019ye y\u00f6nelik \u2018asfalt kaplama ve yol, in\u015faat yenileme i\u015fi\u2019 davas\u0131nda tan\u0131klar dinlendi"},"content":{"rendered":"<p>\u0130zmir B\u00fcy\u00fck\u015fehir Belediyesi \u0130ZBETON A\u015e\u2019ye y\u00f6nelik y\u00fcr\u00fct\u00fclen asfalt kaplama ve yol yenileme i\u015fi soru\u015fturmas\u0131 kapsam\u0131nda a\u00e7\u0131lan davada 44 tutuksuz san\u0131\u011f\u0131n yarg\u0131lanmas\u0131na devam edildi.<br \/>\n<br \/>\u0130zmir Cumhuriyet Ba\u015fsavc\u0131l\u0131\u011f\u0131 taraf\u0131ndan 1 Temmuz 2025 tarihinde \u0130ZBETON A\u015e b\u00fcnyesindeki ta\u015feron \u015firketler arac\u0131l\u0131\u011f\u0131yla yolsuzluk yap\u0131ld\u0131\u011f\u0131 iddias\u0131yla geni\u015f \u00e7apl\u0131 bir soru\u015fturma ba\u015flat\u0131ld\u0131. \u0130haleye ve edimin ifas\u0131na fesat kar\u0131\u015ft\u0131rma ile nitelikli doland\u0131r\u0131c\u0131l\u0131k su\u00e7lamalar\u0131yla 157 \u015f\u00fcpheli hakk\u0131nda g\u00f6zalt\u0131 karar\u0131 verildi. Soru\u015fturma kapsam\u0131nda aralar\u0131nda eski \u0130zmir B\u00fcy\u00fck\u015fehir Belediye Ba\u015fkan\u0131 Tun\u00e7 Soyer ile CHP \u0130zmir \u0130l Ba\u015fkan\u0131 \u015eenol Aslano\u011flu\u2019nun da bulundu\u011fu 139 ki\u015fi yakaland\u0131, sulh ceza hakimli\u011fine sevk edilen \u015f\u00fcphelilerden 60\u2019\u0131 tutuklanarak cezaevine g\u00f6nderildi. Y\u00fcr\u00fct\u00fclen hukuki s\u00fcre\u00e7 sonunda i\u015f makinesi kiralama, asfalt kaplama i\u015flemleri ve kooperatif yolsuzluklar\u0131 iddialar\u0131n\u0131 i\u00e7eren \u00fc\u00e7 ayr\u0131 iddianame haz\u0131rlanarak ilgili mahkemelerce kabul edildi. &#8220;Asfalt kaplamas\u0131, yol ve in\u015faat bak\u0131m onar\u0131m ve yenileme i\u015flerindeki&#8221; yolsuzluk soru\u015fturmas\u0131 sonunda ise &#8220;ihaleye ve edimin ifas\u0131na fesat kar\u0131\u015ft\u0131rmak&#8221; su\u00e7lar\u0131ndan aralar\u0131nda eski \u0130ZBETON A\u015e Genel M\u00fcd\u00fcr\u00fc Heval Sava\u015f Kaya\u2019n\u0131n da bulundu\u011fu 44 \u015f\u00fcpheli hakk\u0131nda 3 y\u0131ldan 14 y\u0131la kadar hapis cezas\u0131 istemiyle haz\u0131rlanan ikinci iddianame, \u0130zmir 28. Asliye Ceza Mahkemesince kabul edildi.<\/p>\n<p>\u0130zmir 28. Asliye Ceza Mahkemesi taraf\u0131ndan 3. A\u011f\u0131r Ceza Mahkemesi salonunda g\u00f6r\u00fclen duru\u015fmaya, farkl\u0131 bir soru\u015fturma kapsam\u0131nda tutuklu bulunan eski \u0130ZBETON A\u015e Genel M\u00fcd\u00fcr\u00fc Heval Sava\u015f Kaya ile baz\u0131 tutuksuz san\u0131klar ve taraf avukatlar\u0131 kat\u0131ld\u0131.<br \/>\n<br \/>Celsede s\u00f6z alan engelli kadrosu \u00e7al\u0131\u015fan\u0131 E.A, parke sevkiyat\u0131 b\u00f6l\u00fcm\u00fcnde g\u00f6rev yapt\u0131\u011f\u0131n\u0131 ve i\u015fsiz kalma korkusuyla amirlerinin verdi\u011fi talimatlar\u0131 yerine getirdi\u011fini belirterek, &#8220;\u0130\u015fimi yapmaya devam ettim. Talep edilen malzemeye g\u00f6re irsaliye d\u00fczenlenir. \u00d6nce \u00fcretime sonra muhasebeye g\u00f6nderilir. Ard\u0131ndan hakedi\u015f haz\u0131rlan\u0131r. Gizli yapt\u0131\u011f\u0131m\u0131z bir i\u015f yok. Bunlar\u0131 yaparken de amirlerimin talimat\u0131yla yapt\u0131m. Ben ve arkada\u015flar\u0131m\u0131n bir sorumlulu\u011fu kesinlikle yok&#8221; dedi.<\/p>\n<p>Mobbing ve bask\u0131 iddialar\u0131<br \/>\n<br \/>Tan\u0131k s\u0131fat\u0131yla dinlenen kantar g\u00f6revlisi O.B, alana gelmeyen ve g\u00f6rmedikleri malzemelerin sevkiyat\u0131n\u0131 yapmalar\u0131 i\u00e7in kendilerine bask\u0131 kuruldu\u011funu ifade etti. Bu yasa d\u0131\u015f\u0131 talebi kabul etmedi\u011fi i\u00e7in i\u015f yerinde mobbinge maruz kald\u0131\u011f\u0131n\u0131 savunan O.B, &#8220;Beni \u00e7\u00f6p\u00e7\u00fc yapmak istediler, kabul etmedim, emekliye ayr\u0131ld\u0131m&#8221; diye konu\u015ftu.<br \/>\n<br \/>Di\u011fer bir kantar personeli olan S.K. de benzer iddialarda bulunarak ya\u015fananlar\u0131 mahkeme heyetine aktard\u0131. Ara\u00e7lar\u0131n alana gelmedi\u011fi durumlarda kendilerinden irsaliye kesilmesinin istendi\u011fini anlatan S.K, &#8220;Ara\u00e7lar\u0131n gelmedi\u011fi esnada g\u00f6rmedi\u011fim sevkiyatlara irsaliye kesilmem istenmi\u015fti. Olayla ilgili T.\u00d6.\u2019ye bunu yapmayaca\u011f\u0131m\u0131 s\u00f6yledim ve yapmad\u0131m. Baz\u0131 arkada\u015flar\u0131m\u0131z i\u015ften kovulma korkusuyla itiraz etmediler&#8221; ifadelerini kulland\u0131.<\/p>\n<p>Dosya bilirki\u015fiye gidiyor<br \/>\n<br \/>Duru\u015fmada s\u00f6z alan di\u011fer san\u0131klar da \u00fczerlerine at\u0131l\u0131 su\u00e7lamalar\u0131 reddederek beraatlerini talep etti. Cumhuriyet savc\u0131s\u0131n\u0131n adli kontrol tedbirlerinin devam\u0131 y\u00f6n\u00fcnde m\u00fctalaa vermesinin ard\u0131ndan mahkeme ara karar\u0131n\u0131 a\u00e7\u0131klad\u0131. Heyet, dosyada ke\u015fif yap\u0131lmas\u0131na ve ard\u0131ndan haz\u0131rlanacak raporun emekli bir Say\u0131\u015ftay denet\u00e7isine g\u00f6nderilerek bilirki\u015fi raporu al\u0131nmas\u0131na h\u00fckmetti. San\u0131klar\u0131n duru\u015fmalardan vareste tutulmas\u0131na karar veren heyet, adli kontrol \u015fartlar\u0131n\u0131n devam\u0131na ve yeni tan\u0131klar\u0131n dinlenmesine h\u00fckmederek duru\u015fmay\u0131 24 Haziran\u2019a erteledi.<br \/><\/p>\n","protected":false},"excerpt":{"rendered":"<p>\u0130zmir B\u00fcy\u00fck\u015fehir Belediyesi \u0130ZBETON A\u015e\u2019ye y\u00f6nelik y\u00fcr\u00fct\u00fclen asfalt kaplama ve yol yenileme i\u015fi soru\u015fturmas\u0131 kapsam\u0131nda a\u00e7\u0131lan davada 44 tutuksuz san\u0131\u011f\u0131n yarg\u0131lanmas\u0131na devam edildi. \u0130zmir Cumhuriyet Ba\u015fsavc\u0131l\u0131\u011f\u0131 taraf\u0131ndan 1 Temmuz 2025 tarihinde \u0130ZBETON A\u015e b\u00fcnyesindeki ta\u015feron \u015firketler arac\u0131l\u0131\u011f\u0131yla yolsuzluk yap\u0131ld\u0131\u011f\u0131 iddias\u0131yla geni\u015f \u00e7apl\u0131 bir soru\u015fturma ba\u015flat\u0131ld\u0131. \u0130haleye ve edimin ifas\u0131na fesat kar\u0131\u015ft\u0131rma ile nitelikli doland\u0131r\u0131c\u0131l\u0131k su\u00e7lamalar\u0131yla&#8230;<\/p>\n","protected":false},"author":1,"featured_media":90601,"comment_status":"open","ping_status":"open","sticky":false,"template":"","format":"standard","meta":{"_crdt_document":"","footnotes":""},"categories":[5],"tags":[],"class_list":["post-90600","post","type-post","status-publish","format-standard","has-post-thumbnail","hentry","category-asayis"],"_links":{"self":[{"href":"https:\/\/www.egemtv.com\/index.php?rest_route=\/wp\/v2\/posts\/90600","targetHints":{"allow":["GET"]}}],"collection":[{"href":"https:\/\/www.egemtv.com\/index.php?rest_route=\/wp\/v2\/posts"}],"about":[{"href":"https:\/\/www.egemtv.com\/index.php?rest_route=\/wp\/v2\/types\/post"}],"author":[{"embeddable":true,"href":"https:\/\/www.egemtv.com\/index.php?rest_route=\/wp\/v2\/users\/1"}],"replies":[{"embeddable":true,"href":"https:\/\/www.egemtv.com\/index.php?rest_route=%2Fwp%2Fv2%2Fcomments&post=90600"}],"version-history":[{"count":1,"href":"https:\/\/www.egemtv.com\/index.php?rest_route=\/wp\/v2\/posts\/90600\/revisions"}],"predecessor-version":[{"id":90602,"href":"https:\/\/www.egemtv.com\/index.php?rest_route=\/wp\/v2\/posts\/90600\/revisions\/90602"}],"wp:featuredmedia":[{"embeddable":true,"href":"https:\/\/www.egemtv.com\/index.php?rest_route=\/wp\/v2\/media\/90601"}],"wp:attachment":[{"href":"https:\/\/www.egemtv.com\/index.php?rest_route=%2Fwp%2Fv2%2Fmedia&parent=90600"}],"wp:term":[{"taxonomy":"category","embeddable":true,"href":"https:\/\/www.egemtv.com\/index.php?rest_route=%2Fwp%2Fv2%2Fcategories&post=90600"},{"taxonomy":"post_tag","embeddable":true,"href":"https:\/\/www.egemtv.com\/index.php?rest_route=%2Fwp%2Fv2%2Ftags&post=90600"}],"curies":[{"name":"wp","href":"https:\/\/api.w.org\/{rel}","templated":true}]}}