{"id":90594,"date":"2026-02-26T13:54:48","date_gmt":"2026-02-26T10:54:48","guid":{"rendered":"https:\/\/www.egemtv.com\/?p=90594"},"modified":"2026-02-26T13:54:49","modified_gmt":"2026-02-26T10:54:49","slug":"mentesede-matematik-seferberligi","status":"publish","type":"post","link":"https:\/\/www.egemtv.com\/?p=90594","title":{"rendered":"Mente\u015fe\u2019de matematik seferberli\u011fi"},"content":{"rendered":"<p>Mu\u011fla\u2019n\u0131n k\u00f6kl\u00fc e\u011fitim kurumlar\u0131ndan T\u00fcrd\u00fc 100. Y\u0131l Ortaokulu, \u00f6\u011frencilere matemati\u011fi sevdirecek ve rekabet heyecan\u0131n\u0131 ya\u015fatacak olan &#8220;Ortaokullar Aras\u0131 Matematik Yar\u0131\u015fmas\u0131&#8221; projesini tan\u0131tt\u0131.<\/p>\n<p>T\u00fcrd\u00fc 100. Y\u0131l Ortaokulu taraf\u0131ndan haz\u0131rlanan ve geni\u015f kapsaml\u0131 bir i\u00e7eri\u011fe sahip olan &#8220;Ortaokullar Aras\u0131 Matematik Yar\u0131\u015fmas\u0131&#8221; projesinin sunum ve tan\u0131t\u0131m s\u00fcreci ba\u015far\u0131yla ger\u00e7ekle\u015ftirildi. Projenin mimarlar\u0131, haz\u0131rl\u0131k a\u015famalar\u0131n\u0131 ve uygulama plan\u0131n\u0131 payla\u015fmak \u00fczere Mente\u015fe \u0130l\u00e7e Milli E\u011fitim M\u00fcd\u00fcr\u00fc Mehmet Kele\u015f\u2019i makam\u0131nda ziyaret etti. Ger\u00e7ekle\u015ftirilen g\u00f6r\u00fc\u015fmede, projenin temel amac\u0131, planlama s\u00fcreci ve sahada uygulanacak olan a\u015famalar hakk\u0131nda \u0130l\u00e7e M\u00fcd\u00fcr\u00fc Kele\u015f\u2019e kapsaml\u0131 bir brifing verildi. G\u00f6r\u00fc\u015fme s\u0131ras\u0131nda projenin teknik ayr\u0131nt\u0131lar\u0131, soru formatlar\u0131 ve de\u011ferlendirme kriterleri \u00fczerine g\u00f6r\u00fc\u015f al\u0131\u015fveri\u015finde bulunulurken, \u0130l\u00e7e M\u00fcd\u00fcr\u00fc Mehmet Kele\u015f sunulan projeyi inceledi.<\/p>\n<p>\u00d6n\u00fcm\u00fczdeki d\u00f6nemde yar\u0131\u015fma takviminin ilan edilmesi bekleniyor.<br \/><\/p>\n","protected":false},"excerpt":{"rendered":"<p>Mu\u011fla\u2019n\u0131n k\u00f6kl\u00fc e\u011fitim kurumlar\u0131ndan T\u00fcrd\u00fc 100. Y\u0131l Ortaokulu, \u00f6\u011frencilere matemati\u011fi sevdirecek ve rekabet heyecan\u0131n\u0131 ya\u015fatacak olan &#8220;Ortaokullar Aras\u0131 Matematik Yar\u0131\u015fmas\u0131&#8221; projesini tan\u0131tt\u0131. T\u00fcrd\u00fc 100. Y\u0131l Ortaokulu taraf\u0131ndan haz\u0131rlanan ve geni\u015f kapsaml\u0131 bir i\u00e7eri\u011fe sahip olan &#8220;Ortaokullar Aras\u0131 Matematik Yar\u0131\u015fmas\u0131&#8221; projesinin sunum ve tan\u0131t\u0131m s\u00fcreci ba\u015far\u0131yla ger\u00e7ekle\u015ftirildi. Projenin mimarlar\u0131, haz\u0131rl\u0131k a\u015famalar\u0131n\u0131 ve uygulama plan\u0131n\u0131 payla\u015fmak \u00fczere&#8230;<\/p>\n","protected":false},"author":1,"featured_media":90595,"comment_status":"open","ping_status":"open","sticky":false,"template":"","format":"standard","meta":{"_crdt_document":"","footnotes":""},"categories":[1],"tags":[],"class_list":["post-90594","post","type-post","status-publish","format-standard","has-post-thumbnail","hentry","category-guncel"],"_links":{"self":[{"href":"https:\/\/www.egemtv.com\/index.php?rest_route=\/wp\/v2\/posts\/90594","targetHints":{"allow":["GET"]}}],"collection":[{"href":"https:\/\/www.egemtv.com\/index.php?rest_route=\/wp\/v2\/posts"}],"about":[{"href":"https:\/\/www.egemtv.com\/index.php?rest_route=\/wp\/v2\/types\/post"}],"author":[{"embeddable":true,"href":"https:\/\/www.egemtv.com\/index.php?rest_route=\/wp\/v2\/users\/1"}],"replies":[{"embeddable":true,"href":"https:\/\/www.egemtv.com\/index.php?rest_route=%2Fwp%2Fv2%2Fcomments&post=90594"}],"version-history":[{"count":1,"href":"https:\/\/www.egemtv.com\/index.php?rest_route=\/wp\/v2\/posts\/90594\/revisions"}],"predecessor-version":[{"id":90596,"href":"https:\/\/www.egemtv.com\/index.php?rest_route=\/wp\/v2\/posts\/90594\/revisions\/90596"}],"wp:featuredmedia":[{"embeddable":true,"href":"https:\/\/www.egemtv.com\/index.php?rest_route=\/wp\/v2\/media\/90595"}],"wp:attachment":[{"href":"https:\/\/www.egemtv.com\/index.php?rest_route=%2Fwp%2Fv2%2Fmedia&parent=90594"}],"wp:term":[{"taxonomy":"category","embeddable":true,"href":"https:\/\/www.egemtv.com\/index.php?rest_route=%2Fwp%2Fv2%2Fcategories&post=90594"},{"taxonomy":"post_tag","embeddable":true,"href":"https:\/\/www.egemtv.com\/index.php?rest_route=%2Fwp%2Fv2%2Ftags&post=90594"}],"curies":[{"name":"wp","href":"https:\/\/api.w.org\/{rel}","templated":true}]}}