{"id":90591,"date":"2026-02-26T13:54:47","date_gmt":"2026-02-26T10:54:47","guid":{"rendered":"https:\/\/www.egemtv.com\/?p=90591"},"modified":"2026-02-26T13:54:48","modified_gmt":"2026-02-26T10:54:48","slug":"ucurumda-bulunan-ceset-olayinda-4-kisi-tutuklandi","status":"publish","type":"post","link":"https:\/\/www.egemtv.com\/?p=90591","title":{"rendered":"U\u00e7urumda bulunan ceset olay\u0131nda 4 ki\u015fi tutukland\u0131"},"content":{"rendered":"<p>Ayd\u0131n\u2019\u0131n S\u00f6ke il\u00e7esinde u\u00e7urumda \u00f6l\u00fc bulunan 46 ya\u015f\u0131ndaki Mehmet \u00c7ift\u00e7i\u2019nin \u00f6l\u00fcm\u00fcyle ilgili y\u00fcr\u00fct\u00fclen soru\u015fturmada, g\u00f6zalt\u0131na al\u0131nan 9 \u015f\u00fcpheliden 4\u2019\u00fc tutukland\u0131.<\/p>\n<p>Olay, Nall\u0131ca mevkiinde 22 \u015eubat 2026 Pazar g\u00fcn\u00fc meydana geldi. Edinilen bilgiye g\u00f6re, 112 Acil \u00c7a\u011fr\u0131 Merkezi\u2019ne yap\u0131lan ihbarda u\u00e7urumda hareketsiz yatan bir ki\u015fi oldu\u011fu bildirildi. \u0130hbar \u00fczerine b\u00f6lgeye AFAD, UMKE ve jandarma ekipleri sevk edildi. Zorlu arazi \u015fartlar\u0131nda ula\u015f\u0131lan noktada yap\u0131lan kontrolde \u015fahs\u0131n hayat\u0131n\u0131 kaybetti\u011fi belirlendi. Yap\u0131lan kimlik tespitinde \u00f6len ki\u015finin Mehmet \u00c7ift\u00e7i oldu\u011fu ortaya \u00e7\u0131kt\u0131. Soru\u015fturma kapsam\u0131nda \u00c7ift\u00e7i\u2019nin arkada\u015f grubuyla birlikte b\u00f6lgede ka\u00e7ak define arad\u0131\u011f\u0131 iddias\u0131 g\u00fcndeme geldi. \u0130ddiaya g\u00f6re kaz\u0131 s\u0131ras\u0131nda patlat\u0131lan dinamit sonucu \u00c7ift\u00e7i ya\u015fam\u0131n\u0131 yitirirken, olay\u0131n ard\u0131ndan \u015f\u00fcphelilerin cesedi u\u00e7urumdan atarak olaya intihar s\u00fcs\u00fc vermeye \u00e7al\u0131\u015ft\u0131klar\u0131 iddias\u0131 \u00fczerine soru\u015fturma geni\u015fletildi ve 9 ki\u015fi g\u00f6zalt\u0131na al\u0131nd\u0131.<\/p>\n<p>Maktul\u00fcn e\u015fi G.\u00c7. ifadesinde, e\u015finin daha \u00f6nce de dikkat \u00e7ekmemek amac\u0131yla ka\u00e7ak kaz\u0131 yap\u0131lan alanlara kendisini g\u00f6t\u00fcrd\u00fc\u011f\u00fcn\u00fc s\u00f6yledi. Olay g\u00fcn\u00fc ara\u00e7ta bekledi\u011fini belirten G.\u00c7., kaz\u0131 yap\u0131lan b\u00f6lgeden \u015fiddetli patlama sesi geldi\u011fini ve k\u0131sa s\u00fcre sonra e\u015finin hayat\u0131n\u0131 kaybetti\u011fini \u00f6\u011frendi\u011fini belirtti. G.\u00c7., \u015f\u00fcphelilerden A.T.\u2019nin olay sonras\u0131 Mehmet \u00c7ift\u00e7i\u2019nin telefonunu alarak mesaj ve g\u00f6r\u00fc\u015fmeleri sildi\u011fini \u00f6ne s\u00fcrerek, kendisine \u0130zmir\u2019e gidip e\u015finin daha \u00f6nce intihara te\u015febb\u00fcs etti\u011fini s\u00f6ylemesi y\u00f6n\u00fcnde telkinde bulunuldu\u011funu ifade etti. E\u015finin u\u00e7urumdan at\u0131ld\u0131\u011f\u0131n\u0131 \u00f6\u011frendi\u011finde tepki g\u00f6sterdi\u011fini belirten G.\u00c7., &#8220;Bir mezar\u0131 olmas\u0131 gerekti\u011fini s\u00f6yledim, i\u00e7im raz\u0131 olmad\u0131&#8221; dedi.<\/p>\n<p>Jandarmadaki i\u015flemlerinin ard\u0131ndan S\u00f6ke Adliyesi\u2019ne sevk edilen \u015f\u00fcphelilerden maktul\u00fcn e\u015fi G.\u00c7. ve o\u011flu U.\u00c7.\u2019nin de aralar\u0131nda bulundu\u011fu 5 ki\u015fi adli kontrol \u015fart\u0131yla serbest b\u0131rak\u0131ld\u0131. \u015e\u00fcphelilerden A.T., E.P., H.C. ve O.\u00d6. ise \u00e7\u0131kar\u0131ld\u0131klar\u0131 mahkemece tutuklanarak cezaevine g\u00f6nderildi.<\/p>\n<p>Olayla ilgili soru\u015fturman\u0131n s\u00fcrd\u00fc\u011f\u00fc \u00f6\u011frenildi.<br \/><\/p>\n","protected":false},"excerpt":{"rendered":"<p>Ayd\u0131n\u2019\u0131n S\u00f6ke il\u00e7esinde u\u00e7urumda \u00f6l\u00fc bulunan 46 ya\u015f\u0131ndaki Mehmet \u00c7ift\u00e7i\u2019nin \u00f6l\u00fcm\u00fcyle ilgili y\u00fcr\u00fct\u00fclen soru\u015fturmada, g\u00f6zalt\u0131na al\u0131nan 9 \u015f\u00fcpheliden 4\u2019\u00fc tutukland\u0131. Olay, Nall\u0131ca mevkiinde 22 \u015eubat 2026 Pazar g\u00fcn\u00fc meydana geldi. Edinilen bilgiye g\u00f6re, 112 Acil \u00c7a\u011fr\u0131 Merkezi\u2019ne yap\u0131lan ihbarda u\u00e7urumda hareketsiz yatan bir ki\u015fi oldu\u011fu bildirildi. \u0130hbar \u00fczerine b\u00f6lgeye AFAD, UMKE ve jandarma ekipleri sevk&#8230;<\/p>\n","protected":false},"author":1,"featured_media":90592,"comment_status":"open","ping_status":"open","sticky":false,"template":"","format":"standard","meta":{"_crdt_document":"","footnotes":""},"categories":[5],"tags":[],"class_list":["post-90591","post","type-post","status-publish","format-standard","has-post-thumbnail","hentry","category-asayis"],"_links":{"self":[{"href":"https:\/\/www.egemtv.com\/index.php?rest_route=\/wp\/v2\/posts\/90591","targetHints":{"allow":["GET"]}}],"collection":[{"href":"https:\/\/www.egemtv.com\/index.php?rest_route=\/wp\/v2\/posts"}],"about":[{"href":"https:\/\/www.egemtv.com\/index.php?rest_route=\/wp\/v2\/types\/post"}],"author":[{"embeddable":true,"href":"https:\/\/www.egemtv.com\/index.php?rest_route=\/wp\/v2\/users\/1"}],"replies":[{"embeddable":true,"href":"https:\/\/www.egemtv.com\/index.php?rest_route=%2Fwp%2Fv2%2Fcomments&post=90591"}],"version-history":[{"count":1,"href":"https:\/\/www.egemtv.com\/index.php?rest_route=\/wp\/v2\/posts\/90591\/revisions"}],"predecessor-version":[{"id":90593,"href":"https:\/\/www.egemtv.com\/index.php?rest_route=\/wp\/v2\/posts\/90591\/revisions\/90593"}],"wp:featuredmedia":[{"embeddable":true,"href":"https:\/\/www.egemtv.com\/index.php?rest_route=\/wp\/v2\/media\/90592"}],"wp:attachment":[{"href":"https:\/\/www.egemtv.com\/index.php?rest_route=%2Fwp%2Fv2%2Fmedia&parent=90591"}],"wp:term":[{"taxonomy":"category","embeddable":true,"href":"https:\/\/www.egemtv.com\/index.php?rest_route=%2Fwp%2Fv2%2Fcategories&post=90591"},{"taxonomy":"post_tag","embeddable":true,"href":"https:\/\/www.egemtv.com\/index.php?rest_route=%2Fwp%2Fv2%2Ftags&post=90591"}],"curies":[{"name":"wp","href":"https:\/\/api.w.org\/{rel}","templated":true}]}}