{"id":90588,"date":"2026-02-26T13:35:54","date_gmt":"2026-02-26T10:35:54","guid":{"rendered":"https:\/\/www.egemtv.com\/?p=90588"},"modified":"2026-02-26T13:35:55","modified_gmt":"2026-02-26T10:35:55","slug":"su-verimliligi-seferberligi-temali-siir-yarismasinda-il-birinciligi-hisarcika-geldi","status":"publish","type":"post","link":"https:\/\/www.egemtv.com\/?p=90588","title":{"rendered":"&#8220;Su Verimlili\u011fi Seferberli\u011fi&#8221; temal\u0131 \u015fiir yar\u0131\u015fmas\u0131nda il birincili\u011fi Hisarc\u0131k\u2019a geldi"},"content":{"rendered":"<p>Hisarc\u0131k Cumhuriyet \u0130lkokulu 4-B s\u0131n\u0131f\u0131 \u00f6\u011frencisi Miray B\u00fc\u015fra G\u00fcm\u00fc\u015fay, K\u00fctahya \u0130l Milli E\u011fitim M\u00fcd\u00fcrl\u00fc\u011f\u00fcnce d\u00fczenlenen &#8220;Su verimlili\u011fi ve seferberli\u011fi&#8221; temal\u0131 yar\u0131\u015fman\u0131n \u015fiir kategorisinde il birincisi oldu.<br \/>\n<br \/>Milli E\u011fitim Bakanl\u0131\u011f\u0131 ile Tar\u0131m ve Orman Bakanl\u0131\u011f\u0131 aras\u0131nda yap\u0131lan i\u015f birli\u011fi ve Mill\u00ee E\u011fitim Bakanl\u0131\u011f\u0131n\u0131n iklim de\u011fi\u015fikli\u011fi eylem plan\u0131 kapsam\u0131nda; \u00f6\u011frencilere su varl\u0131klar\u0131n\u0131n korunmas\u0131, suyun ya\u015fam i\u00e7in \u00f6nemi, su ekosistemi, su kirlili\u011fi, su tasarrufu, s\u00fcrd\u00fcr\u00fclebilir su kullan\u0131m\u0131, su ayak izi ve su verimlili\u011fi konular\u0131nda fark\u0131ndal\u0131k kazand\u0131rmak amac\u0131yla T\u00fcrkiye genelinde afi\u015f, \u015fiir, resim, kompozisyon ve m\u00fczik dallar\u0131nda yar\u0131\u015fma d\u00fczenlendi.<br \/>\n<br \/>K\u00fctahya il genelinde ger\u00e7ekle\u015ftirilen &#8220;Su Verimlili\u011fi Seferberli\u011fi&#8221; temal\u0131 yar\u0131\u015fmaya kat\u0131lan eserler, \u0130l Milli E\u011fitim M\u00fcd\u00fcrl\u00fc\u011f\u00fc Eser \u0130nceleme ve De\u011ferlendirme Komisyonunca incelendi. Yap\u0131lan de\u011ferlendirme sonucunda \u015fiir dal\u0131nda Hisarc\u0131k Cumhuriyet \u0130lkokulu \u00f6\u011frencisi Miray B\u00fc\u015fra G\u00fcm\u00fc\u015fay il birincisi se\u00e7ildi.<br \/>\n<br \/>Ba\u015far\u0131l\u0131 \u00f6\u011frenci, Hisarc\u0131k Kaymakam\u0131 Erkan Atam ve \u0130l\u00e7e Milli E\u011fitim M\u00fcd\u00fcr\u00fc Hasan Kilit\u00e7i taraf\u0131ndan \u00f6d\u00fcllendirildi.<br \/>\n<br \/>Cumhuriyet \u0130lkokulu M\u00fcd\u00fcr\u00fc Sebiha Kaya, il geneli su verimlili\u011fi seferberli\u011fi yar\u0131\u015fmas\u0131 \u015fiir dal\u0131nda birinci olan Miray B\u00fc\u015fra G\u00fcm\u00fc\u015fay\u2019\u0131 ve s\u0131n\u0131f \u00f6\u011fretmeni Serpil Budak\u2019\u0131 tebrik ederek ba\u015far\u0131lar\u0131n\u0131n devam\u0131n\u0131 diledi.<br \/><\/p>\n","protected":false},"excerpt":{"rendered":"<p>Hisarc\u0131k Cumhuriyet \u0130lkokulu 4-B s\u0131n\u0131f\u0131 \u00f6\u011frencisi Miray B\u00fc\u015fra G\u00fcm\u00fc\u015fay, K\u00fctahya \u0130l Milli E\u011fitim M\u00fcd\u00fcrl\u00fc\u011f\u00fcnce d\u00fczenlenen &#8220;Su verimlili\u011fi ve seferberli\u011fi&#8221; temal\u0131 yar\u0131\u015fman\u0131n \u015fiir kategorisinde il birincisi oldu. Milli E\u011fitim Bakanl\u0131\u011f\u0131 ile Tar\u0131m ve Orman Bakanl\u0131\u011f\u0131 aras\u0131nda yap\u0131lan i\u015f birli\u011fi ve Mill\u00ee E\u011fitim Bakanl\u0131\u011f\u0131n\u0131n iklim de\u011fi\u015fikli\u011fi eylem plan\u0131 kapsam\u0131nda; \u00f6\u011frencilere su varl\u0131klar\u0131n\u0131n korunmas\u0131, suyun ya\u015fam i\u00e7in \u00f6nemi,&#8230;<\/p>\n","protected":false},"author":1,"featured_media":90589,"comment_status":"open","ping_status":"open","sticky":false,"template":"","format":"standard","meta":{"_crdt_document":"","footnotes":""},"categories":[1],"tags":[],"class_list":["post-90588","post","type-post","status-publish","format-standard","has-post-thumbnail","hentry","category-guncel"],"_links":{"self":[{"href":"https:\/\/www.egemtv.com\/index.php?rest_route=\/wp\/v2\/posts\/90588","targetHints":{"allow":["GET"]}}],"collection":[{"href":"https:\/\/www.egemtv.com\/index.php?rest_route=\/wp\/v2\/posts"}],"about":[{"href":"https:\/\/www.egemtv.com\/index.php?rest_route=\/wp\/v2\/types\/post"}],"author":[{"embeddable":true,"href":"https:\/\/www.egemtv.com\/index.php?rest_route=\/wp\/v2\/users\/1"}],"replies":[{"embeddable":true,"href":"https:\/\/www.egemtv.com\/index.php?rest_route=%2Fwp%2Fv2%2Fcomments&post=90588"}],"version-history":[{"count":1,"href":"https:\/\/www.egemtv.com\/index.php?rest_route=\/wp\/v2\/posts\/90588\/revisions"}],"predecessor-version":[{"id":90590,"href":"https:\/\/www.egemtv.com\/index.php?rest_route=\/wp\/v2\/posts\/90588\/revisions\/90590"}],"wp:featuredmedia":[{"embeddable":true,"href":"https:\/\/www.egemtv.com\/index.php?rest_route=\/wp\/v2\/media\/90589"}],"wp:attachment":[{"href":"https:\/\/www.egemtv.com\/index.php?rest_route=%2Fwp%2Fv2%2Fmedia&parent=90588"}],"wp:term":[{"taxonomy":"category","embeddable":true,"href":"https:\/\/www.egemtv.com\/index.php?rest_route=%2Fwp%2Fv2%2Fcategories&post=90588"},{"taxonomy":"post_tag","embeddable":true,"href":"https:\/\/www.egemtv.com\/index.php?rest_route=%2Fwp%2Fv2%2Ftags&post=90588"}],"curies":[{"name":"wp","href":"https:\/\/api.w.org\/{rel}","templated":true}]}}