{"id":90579,"date":"2026-02-26T13:35:51","date_gmt":"2026-02-26T10:35:51","guid":{"rendered":"https:\/\/www.egemtv.com\/?p=90579"},"modified":"2026-02-26T13:35:52","modified_gmt":"2026-02-26T10:35:52","slug":"menemen-belediyesi-asevinden-her-gun-10-bin-kisiye-yemek","status":"publish","type":"post","link":"https:\/\/www.egemtv.com\/?p=90579","title":{"rendered":"Menemen Belediyesi A\u015fevi\u2019nden her g\u00fcn 10 bin ki\u015fiye yemek"},"content":{"rendered":"<p>Menemen Belediyesi, Ramazan Ay\u0131 nedeniyle a\u015fevinin g\u00fcnl\u00fck yemek kapasitesini 10 bin ki\u015fiye \u00e7\u0131kard\u0131. Ustalar\u0131n haz\u0131rlad\u0131\u011f\u0131 ve g\u0131da m\u00fchendislerinin denetledi\u011fi yemekler, il\u00e7enin d\u00f6rt bir yan\u0131nda ihtiya\u00e7 sahibi ailelere kap\u0131 kap\u0131 da\u011f\u0131t\u0131l\u0131rken, Menemen Belediye Ba\u015fkan\u0131 Ayd\u0131n Pehlivan, &#8220;Kimseyi rencide etmeden, sessiz bir \u015fekilde a\u015f\u0131m\u0131z\u0131 ihtiya\u00e7 sahiplerimizle payla\u015f\u0131yor ve Ramazan\u2019\u0131n bereketini hep birlikte kucakl\u0131yoruz&#8221; dedi.<br \/>\n<br \/>Menemen Belediyesi, her y\u0131l oldu\u011fu gibi bu y\u0131l da Ramazan Ay\u0131 i\u00e7in kapasitesini art\u0131rd\u0131. Lezzet ve hijyen k\u0131rm\u0131z\u0131 \u00e7izgisiyle hareket eden deneyimli mutfak ekibi, Menemen Belediye Ba\u015fkan\u0131 Ayd\u0131n Pehlivan\u2019\u0131n talimat\u0131yla her g\u00fcn 10 bin ki\u015filik yemek haz\u0131rl\u0131yor. Menemen Belediyesi A\u015fevi\u2019nde g\u00fcn ayd\u0131nlanmadan ba\u015flayan hummal\u0131 haz\u0131rl\u0131klar, sebzelerin titizlikle y\u0131kan\u0131p do\u011franmas\u0131yla ba\u015flay\u0131p, yemeklerin dev kazanlarda haz\u0131rlan\u0131p, porsiyonlanarak paketlenmesiyle devam ediyor.<\/p>\n<p>150 ki\u015filik kadroyla hizmet veriliyor<br \/>\n<br \/>Haz\u0131rlanan paketler, yine Menemen Belediyesi personeli taraf\u0131ndan \u00c7ukurk\u00f6y\u2019den Maltepe\u2019ye, Asarl\u0131k\u2019tan \u00c7alt\u0131\u2019ya kadar il\u00e7enin d\u00f6rt bir taraf\u0131na h\u0131zla ta\u015f\u0131n\u0131p, ihtiya\u00e7 sahiplerine ula\u015ft\u0131r\u0131l\u0131yor. Mutfaktan lojisti\u011fe kadar toplam 150 personelin g\u00f6rev yapt\u0131\u011f\u0131 g\u00fcnl\u00fck yemek operasyonu, vatanda\u015flardan da takdir g\u00f6r\u00fcyor.<\/p>\n<p>&#8220;Sofralara s\u0131cak bir tebess\u00fcm ekliyoruz&#8221;<br \/>\n<br \/>Menemen Belediye Ba\u015fkan\u0131 Ayd\u0131n Pehlivan, &#8220;Y\u0131l\u0131n 12 ay\u0131 kesintisiz olarak hizmet veren a\u015fevimizin kapasitesini, bu y\u0131l da Ramazan boyunca s\u0131n\u0131rlar\u0131m\u0131z\u0131 zorlayarak \u00e7ok \u00fcst bir seviyeye \u00e7\u0131kard\u0131k. Kimseyi rencide etmeden, sessiz bir \u015fekilde a\u015f\u0131m\u0131z\u0131 ihtiya\u00e7 sahipleriyle payla\u015f\u0131yor ve Ramazan\u2019\u0131n bereketini hep birlikte kucakl\u0131yoruz. 10 bin hem\u015fehrimiz i\u00e7in haz\u0131rlad\u0131\u011f\u0131m\u0131z yemeklerle sofralara s\u0131cak bir tebess\u00fcm eklemeye gayret g\u00f6steriyoruz. Bununla birlikte sadece g\u00fcnl\u00fck yemekle de\u011fil, bir\u00e7ok farkl\u0131 kalemde vatanda\u015flar\u0131m\u0131z\u0131n ihtiya\u00e7lar\u0131n\u0131 giderebilmek i\u00e7in \u00e7al\u0131\u015fmalar\u0131m\u0131z\u0131 s\u00fcrd\u00fcr\u00fcyoruz&#8221; dedi.<br \/><\/p>\n","protected":false},"excerpt":{"rendered":"<p>Menemen Belediyesi, Ramazan Ay\u0131 nedeniyle a\u015fevinin g\u00fcnl\u00fck yemek kapasitesini 10 bin ki\u015fiye \u00e7\u0131kard\u0131. Ustalar\u0131n haz\u0131rlad\u0131\u011f\u0131 ve g\u0131da m\u00fchendislerinin denetledi\u011fi yemekler, il\u00e7enin d\u00f6rt bir yan\u0131nda ihtiya\u00e7 sahibi ailelere kap\u0131 kap\u0131 da\u011f\u0131t\u0131l\u0131rken, Menemen Belediye Ba\u015fkan\u0131 Ayd\u0131n Pehlivan, &#8220;Kimseyi rencide etmeden, sessiz bir \u015fekilde a\u015f\u0131m\u0131z\u0131 ihtiya\u00e7 sahiplerimizle payla\u015f\u0131yor ve Ramazan\u2019\u0131n bereketini hep birlikte kucakl\u0131yoruz&#8221; dedi. Menemen Belediyesi, her&#8230;<\/p>\n","protected":false},"author":1,"featured_media":90580,"comment_status":"open","ping_status":"open","sticky":false,"template":"","format":"standard","meta":{"_crdt_document":"","footnotes":""},"categories":[1],"tags":[],"class_list":["post-90579","post","type-post","status-publish","format-standard","has-post-thumbnail","hentry","category-guncel"],"_links":{"self":[{"href":"https:\/\/www.egemtv.com\/index.php?rest_route=\/wp\/v2\/posts\/90579","targetHints":{"allow":["GET"]}}],"collection":[{"href":"https:\/\/www.egemtv.com\/index.php?rest_route=\/wp\/v2\/posts"}],"about":[{"href":"https:\/\/www.egemtv.com\/index.php?rest_route=\/wp\/v2\/types\/post"}],"author":[{"embeddable":true,"href":"https:\/\/www.egemtv.com\/index.php?rest_route=\/wp\/v2\/users\/1"}],"replies":[{"embeddable":true,"href":"https:\/\/www.egemtv.com\/index.php?rest_route=%2Fwp%2Fv2%2Fcomments&post=90579"}],"version-history":[{"count":1,"href":"https:\/\/www.egemtv.com\/index.php?rest_route=\/wp\/v2\/posts\/90579\/revisions"}],"predecessor-version":[{"id":90581,"href":"https:\/\/www.egemtv.com\/index.php?rest_route=\/wp\/v2\/posts\/90579\/revisions\/90581"}],"wp:featuredmedia":[{"embeddable":true,"href":"https:\/\/www.egemtv.com\/index.php?rest_route=\/wp\/v2\/media\/90580"}],"wp:attachment":[{"href":"https:\/\/www.egemtv.com\/index.php?rest_route=%2Fwp%2Fv2%2Fmedia&parent=90579"}],"wp:term":[{"taxonomy":"category","embeddable":true,"href":"https:\/\/www.egemtv.com\/index.php?rest_route=%2Fwp%2Fv2%2Fcategories&post=90579"},{"taxonomy":"post_tag","embeddable":true,"href":"https:\/\/www.egemtv.com\/index.php?rest_route=%2Fwp%2Fv2%2Ftags&post=90579"}],"curies":[{"name":"wp","href":"https:\/\/api.w.org\/{rel}","templated":true}]}}