{"id":90576,"date":"2026-02-26T13:15:48","date_gmt":"2026-02-26T10:15:48","guid":{"rendered":"https:\/\/www.egemtv.com\/?p=90576"},"modified":"2026-02-26T13:15:49","modified_gmt":"2026-02-26T10:15:49","slug":"mentese-pazarinda-tilkisen-sezonu-basladi","status":"publish","type":"post","link":"https:\/\/www.egemtv.com\/?p=90576","title":{"rendered":"Mente\u015fe Pazar\u0131nda tilki\u015fen sezonu ba\u015flad\u0131"},"content":{"rendered":"<p>Mu\u011fla\u2019n\u0131n Mente\u015fe il\u00e7esinde kurulan Per\u015fembe Pazar\u0131\u2019nda bahar\u0131n habercisi olarak bilinen tilki\u015fen otu (Yabani ku\u015fkonmaz) tezgahlardaki yerini ald\u0131. Ge\u00e7en y\u0131l Mart ay\u0131nda 50 TL\u2019den sat\u0131lan tilki\u015fenin demeti bu sezon ba\u015f\u0131nda 125 TL\u2019den al\u0131c\u0131 buluyor.<\/p>\n<p>Halk aras\u0131nda yaban hindiba, mavi \u00e7i\u00e7ekli hindiba ve yabani ku\u015fkonmaz olarak da bilinen tilki\u015fen, do\u011fal beslenmeye \u00f6nem veren vatanda\u015flar\u0131n ilgisini \u00e7ekiyor. Akdeniz b\u00f6lgesine \u00f6zg\u00fc yabani bir bitki olan tilki\u015fen, salatalardan \u00e7orbalara, zeytinya\u011fl\u0131 yemeklerden bitki \u00e7aylar\u0131na kadar pek \u00e7ok farkl\u0131 \u015fekilde t\u00fcketilebiliyor.<\/p>\n<p>Pazarc\u0131 esnaf\u0131, sezonun hen\u00fcz ba\u015f\u0131nda olunmas\u0131 nedeniyle \u00fcr\u00fcn\u00fcn s\u0131n\u0131rl\u0131 miktarda geldi\u011fini belirtti. Tilki\u015fenin Mente\u015fe \u00e7evresinde hen\u00fcz \u00e7\u0131kmad\u0131\u011f\u0131n\u0131 ifade eden esnaf, \u00fcr\u00fcnlerin a\u011f\u0131rl\u0131kl\u0131 olarak K\u00f6yce\u011fiz taraflar\u0131ndan topland\u0131\u011f\u0131n\u0131 s\u00f6yledi. Esnaf, ilerleyen g\u00fcnlerde \u00fcr\u00fcn miktar\u0131n\u0131n artmas\u0131yla birlikte fiyatlar\u0131n d\u00fc\u015fmesini beklediklerini dile getirdi.<br \/><\/p>\n","protected":false},"excerpt":{"rendered":"<p>Mu\u011fla\u2019n\u0131n Mente\u015fe il\u00e7esinde kurulan Per\u015fembe Pazar\u0131\u2019nda bahar\u0131n habercisi olarak bilinen tilki\u015fen otu (Yabani ku\u015fkonmaz) tezgahlardaki yerini ald\u0131. Ge\u00e7en y\u0131l Mart ay\u0131nda 50 TL\u2019den sat\u0131lan tilki\u015fenin demeti bu sezon ba\u015f\u0131nda 125 TL\u2019den al\u0131c\u0131 buluyor. Halk aras\u0131nda yaban hindiba, mavi \u00e7i\u00e7ekli hindiba ve yabani ku\u015fkonmaz olarak da bilinen tilki\u015fen, do\u011fal beslenmeye \u00f6nem veren vatanda\u015flar\u0131n ilgisini \u00e7ekiyor. Akdeniz&#8230;<\/p>\n","protected":false},"author":1,"featured_media":90577,"comment_status":"open","ping_status":"open","sticky":false,"template":"","format":"standard","meta":{"_crdt_document":"","footnotes":""},"categories":[1],"tags":[],"class_list":["post-90576","post","type-post","status-publish","format-standard","has-post-thumbnail","hentry","category-guncel"],"_links":{"self":[{"href":"https:\/\/www.egemtv.com\/index.php?rest_route=\/wp\/v2\/posts\/90576","targetHints":{"allow":["GET"]}}],"collection":[{"href":"https:\/\/www.egemtv.com\/index.php?rest_route=\/wp\/v2\/posts"}],"about":[{"href":"https:\/\/www.egemtv.com\/index.php?rest_route=\/wp\/v2\/types\/post"}],"author":[{"embeddable":true,"href":"https:\/\/www.egemtv.com\/index.php?rest_route=\/wp\/v2\/users\/1"}],"replies":[{"embeddable":true,"href":"https:\/\/www.egemtv.com\/index.php?rest_route=%2Fwp%2Fv2%2Fcomments&post=90576"}],"version-history":[{"count":1,"href":"https:\/\/www.egemtv.com\/index.php?rest_route=\/wp\/v2\/posts\/90576\/revisions"}],"predecessor-version":[{"id":90578,"href":"https:\/\/www.egemtv.com\/index.php?rest_route=\/wp\/v2\/posts\/90576\/revisions\/90578"}],"wp:featuredmedia":[{"embeddable":true,"href":"https:\/\/www.egemtv.com\/index.php?rest_route=\/wp\/v2\/media\/90577"}],"wp:attachment":[{"href":"https:\/\/www.egemtv.com\/index.php?rest_route=%2Fwp%2Fv2%2Fmedia&parent=90576"}],"wp:term":[{"taxonomy":"category","embeddable":true,"href":"https:\/\/www.egemtv.com\/index.php?rest_route=%2Fwp%2Fv2%2Fcategories&post=90576"},{"taxonomy":"post_tag","embeddable":true,"href":"https:\/\/www.egemtv.com\/index.php?rest_route=%2Fwp%2Fv2%2Ftags&post=90576"}],"curies":[{"name":"wp","href":"https:\/\/api.w.org\/{rel}","templated":true}]}}