{"id":90573,"date":"2026-02-26T12:54:50","date_gmt":"2026-02-26T09:54:50","guid":{"rendered":"https:\/\/www.egemtv.com\/?p=90573"},"modified":"2026-02-26T12:54:51","modified_gmt":"2026-02-26T09:54:51","slug":"izmirde-otomobilin-carptigi-kadin-hayatini-kaybetti","status":"publish","type":"post","link":"https:\/\/www.egemtv.com\/?p=90573","title":{"rendered":"\u0130zmir\u2019de otomobilin \u00e7arpt\u0131\u011f\u0131 kad\u0131n hayat\u0131n\u0131 kaybetti"},"content":{"rendered":"<p>\u0130zmir\u2019in Torbal\u0131 il\u00e7esinde yolun kar\u015f\u0131 taraf\u0131na ge\u00e7meye \u00e7al\u0131\u015fan kad\u0131n otomobil \u00e7arpmas\u0131 sonucu hayat\u0131n\u0131 kaybetti.<br \/>\n<br \/>Kaza, saat 11.30 s\u0131ralar\u0131nda \u0130zmir-Ayd\u0131n kara yolu Ku\u015f\u00e7uburun Mahallesi mevkiinde meydana geldi. Edinilen bilgiye g\u00f6re, \u0130zmir\u2019den Ayd\u0131n y\u00f6n\u00fcne seyreden 35 FS 692 plakal\u0131 otomobil, yolun kar\u015f\u0131 taraf\u0131na ge\u00e7meye \u00e7al\u0131\u015fan 45 ya\u015f\u0131ndaki Burcu Tek\u2019e \u00e7arpt\u0131. Kazay\u0131 g\u00f6renlerin ihbar\u0131 \u00fczerine b\u00f6lgeye sa\u011fl\u0131k ve jandarma ekipleri sevk edildi. Olay yerine gelen sa\u011fl\u0131k ekiplerince yap\u0131lan kontrollerde, \u00e7arpman\u0131n \u015fiddetiyle savrulan Tek\u2019in hayat\u0131n\u0131 kaybetti\u011fi belirlendi.<br \/>\n<br \/>Jandarma b\u00f6lgesinde ger\u00e7ekle\u015fen kazayla ilgili inceleme ba\u015flat\u0131l\u0131rken, Burcu Tek\u2019in cans\u0131z bedeni yap\u0131lan incelemelerin ard\u0131ndan morga kald\u0131r\u0131ld\u0131.<br \/>\n<br \/>Kazayla ilgili soru\u015fturma s\u00fcr\u00fcyor.<br \/><\/p>\n","protected":false},"excerpt":{"rendered":"<p>\u0130zmir\u2019in Torbal\u0131 il\u00e7esinde yolun kar\u015f\u0131 taraf\u0131na ge\u00e7meye \u00e7al\u0131\u015fan kad\u0131n otomobil \u00e7arpmas\u0131 sonucu hayat\u0131n\u0131 kaybetti. Kaza, saat 11.30 s\u0131ralar\u0131nda \u0130zmir-Ayd\u0131n kara yolu Ku\u015f\u00e7uburun Mahallesi mevkiinde meydana geldi. Edinilen bilgiye g\u00f6re, \u0130zmir\u2019den Ayd\u0131n y\u00f6n\u00fcne seyreden 35 FS 692 plakal\u0131 otomobil, yolun kar\u015f\u0131 taraf\u0131na ge\u00e7meye \u00e7al\u0131\u015fan 45 ya\u015f\u0131ndaki Burcu Tek\u2019e \u00e7arpt\u0131. Kazay\u0131 g\u00f6renlerin ihbar\u0131 \u00fczerine b\u00f6lgeye sa\u011fl\u0131k ve&#8230;<\/p>\n","protected":false},"author":1,"featured_media":90574,"comment_status":"open","ping_status":"open","sticky":false,"template":"","format":"standard","meta":{"_crdt_document":"","footnotes":""},"categories":[5],"tags":[],"class_list":["post-90573","post","type-post","status-publish","format-standard","has-post-thumbnail","hentry","category-asayis"],"_links":{"self":[{"href":"https:\/\/www.egemtv.com\/index.php?rest_route=\/wp\/v2\/posts\/90573","targetHints":{"allow":["GET"]}}],"collection":[{"href":"https:\/\/www.egemtv.com\/index.php?rest_route=\/wp\/v2\/posts"}],"about":[{"href":"https:\/\/www.egemtv.com\/index.php?rest_route=\/wp\/v2\/types\/post"}],"author":[{"embeddable":true,"href":"https:\/\/www.egemtv.com\/index.php?rest_route=\/wp\/v2\/users\/1"}],"replies":[{"embeddable":true,"href":"https:\/\/www.egemtv.com\/index.php?rest_route=%2Fwp%2Fv2%2Fcomments&post=90573"}],"version-history":[{"count":1,"href":"https:\/\/www.egemtv.com\/index.php?rest_route=\/wp\/v2\/posts\/90573\/revisions"}],"predecessor-version":[{"id":90575,"href":"https:\/\/www.egemtv.com\/index.php?rest_route=\/wp\/v2\/posts\/90573\/revisions\/90575"}],"wp:featuredmedia":[{"embeddable":true,"href":"https:\/\/www.egemtv.com\/index.php?rest_route=\/wp\/v2\/media\/90574"}],"wp:attachment":[{"href":"https:\/\/www.egemtv.com\/index.php?rest_route=%2Fwp%2Fv2%2Fmedia&parent=90573"}],"wp:term":[{"taxonomy":"category","embeddable":true,"href":"https:\/\/www.egemtv.com\/index.php?rest_route=%2Fwp%2Fv2%2Fcategories&post=90573"},{"taxonomy":"post_tag","embeddable":true,"href":"https:\/\/www.egemtv.com\/index.php?rest_route=%2Fwp%2Fv2%2Ftags&post=90573"}],"curies":[{"name":"wp","href":"https:\/\/api.w.org\/{rel}","templated":true}]}}