{"id":90570,"date":"2026-02-26T12:35:29","date_gmt":"2026-02-26T09:35:29","guid":{"rendered":"https:\/\/www.egemtv.com\/?p=90570"},"modified":"2026-02-26T12:35:30","modified_gmt":"2026-02-26T09:35:30","slug":"baskan-balaban-karakoyde-vatandaslarla-iftar-yapti","status":"publish","type":"post","link":"https:\/\/www.egemtv.com\/?p=90570","title":{"rendered":"Ba\u015fkan Balaban Karak\u00f6y\u2019de vatanda\u015flarla iftar yapt\u0131"},"content":{"rendered":"<p>Yunusemre Belediyesi Ba\u015fkan\u0131 Semih Balaban, Karak\u00f6y Pazar Yeri\u2019nde d\u00fczenlenen iftar program\u0131nda vatanda\u015flarla ayn\u0131 sofray\u0131 payla\u015ft\u0131. Y\u00fczlerce ki\u015finin kat\u0131ld\u0131\u011f\u0131 programda Ramazan\u2019\u0131n birlik ve dayan\u0131\u015fma ruhu ya\u015fand\u0131.<br \/>\n<br \/>Ramazan ay\u0131 etkinlikleri kapsam\u0131nda Yunusemre\u2019de mahalle iftarlar\u0131 devam ediyor. Bu kapsamda Karak\u00f6y Mahallesi\u2019nde kurulan iftar sofras\u0131na Yunusemre Belediye Ba\u015fkan\u0131 Semih Balaban\u2019\u0131n yan\u0131 s\u0131ra Cumhuriyet Halk Partisi Yunusemre \u0130l\u00e7e Ba\u015fkan\u0131 Yal\u00e7\u0131n Arcak, Manisa Pazarc\u0131lar Odas\u0131 Ba\u015fkan\u0131 Destan Bulgay, Manisa Barosu Eski Ba\u015fkan\u0131 Ali Arslan, belediye ba\u015fkan yard\u0131mc\u0131lar\u0131 ve mahalle muhtarlar\u0131 da kat\u0131ld\u0131.<br \/>\n<br \/>\u0130ftar \u00f6ncesinde alanda bulunan vatanda\u015flarla sohbet eden Ba\u015fkan Balaban, Karak\u00f6y sakinlerinin talep ve \u00f6nerilerini dinledi. Ayn\u0131 sofray\u0131 payla\u015fman\u0131n Ramazan\u2019\u0131n en g\u00fczel yanlar\u0131ndan biri oldu\u011funu belirten Balaban, dayan\u0131\u015fma ve payla\u015fma k\u00fclt\u00fcr\u00fcn\u00fcn \u00f6nemine dikkat \u00e7ekti.<br \/>\n<br \/>Ramazan ay\u0131n\u0131n manevi atmosferini hep birlikte ya\u015faman\u0131n mutlulu\u011funu ifade eden Ba\u015fkan Balaban, belediye olarak her zaman vatanda\u015f\u0131n yan\u0131nda olmaya devam edeceklerini s\u00f6yledi.<br \/>\n<br \/>Karak\u00f6y Pazar Yeri\u2019nde kurulan iftar sofralar\u0131nda y\u00fczlerce vatanda\u015f oru\u00e7lar\u0131n\u0131 birlikte a\u00e7arken, ramazan ruhunu yans\u0131tan samimi g\u00f6r\u00fcnt\u00fcler dikkat \u00e7ekti.<br \/><\/p>\n","protected":false},"excerpt":{"rendered":"<p>Yunusemre Belediyesi Ba\u015fkan\u0131 Semih Balaban, Karak\u00f6y Pazar Yeri\u2019nde d\u00fczenlenen iftar program\u0131nda vatanda\u015flarla ayn\u0131 sofray\u0131 payla\u015ft\u0131. Y\u00fczlerce ki\u015finin kat\u0131ld\u0131\u011f\u0131 programda Ramazan\u2019\u0131n birlik ve dayan\u0131\u015fma ruhu ya\u015fand\u0131. Ramazan ay\u0131 etkinlikleri kapsam\u0131nda Yunusemre\u2019de mahalle iftarlar\u0131 devam ediyor. Bu kapsamda Karak\u00f6y Mahallesi\u2019nde kurulan iftar sofras\u0131na Yunusemre Belediye Ba\u015fkan\u0131 Semih Balaban\u2019\u0131n yan\u0131 s\u0131ra Cumhuriyet Halk Partisi Yunusemre \u0130l\u00e7e Ba\u015fkan\u0131 Yal\u00e7\u0131n&#8230;<\/p>\n","protected":false},"author":1,"featured_media":90571,"comment_status":"open","ping_status":"open","sticky":false,"template":"","format":"standard","meta":{"_crdt_document":"","footnotes":""},"categories":[1],"tags":[],"class_list":["post-90570","post","type-post","status-publish","format-standard","has-post-thumbnail","hentry","category-guncel"],"_links":{"self":[{"href":"https:\/\/www.egemtv.com\/index.php?rest_route=\/wp\/v2\/posts\/90570","targetHints":{"allow":["GET"]}}],"collection":[{"href":"https:\/\/www.egemtv.com\/index.php?rest_route=\/wp\/v2\/posts"}],"about":[{"href":"https:\/\/www.egemtv.com\/index.php?rest_route=\/wp\/v2\/types\/post"}],"author":[{"embeddable":true,"href":"https:\/\/www.egemtv.com\/index.php?rest_route=\/wp\/v2\/users\/1"}],"replies":[{"embeddable":true,"href":"https:\/\/www.egemtv.com\/index.php?rest_route=%2Fwp%2Fv2%2Fcomments&post=90570"}],"version-history":[{"count":1,"href":"https:\/\/www.egemtv.com\/index.php?rest_route=\/wp\/v2\/posts\/90570\/revisions"}],"predecessor-version":[{"id":90572,"href":"https:\/\/www.egemtv.com\/index.php?rest_route=\/wp\/v2\/posts\/90570\/revisions\/90572"}],"wp:featuredmedia":[{"embeddable":true,"href":"https:\/\/www.egemtv.com\/index.php?rest_route=\/wp\/v2\/media\/90571"}],"wp:attachment":[{"href":"https:\/\/www.egemtv.com\/index.php?rest_route=%2Fwp%2Fv2%2Fmedia&parent=90570"}],"wp:term":[{"taxonomy":"category","embeddable":true,"href":"https:\/\/www.egemtv.com\/index.php?rest_route=%2Fwp%2Fv2%2Fcategories&post=90570"},{"taxonomy":"post_tag","embeddable":true,"href":"https:\/\/www.egemtv.com\/index.php?rest_route=%2Fwp%2Fv2%2Ftags&post=90570"}],"curies":[{"name":"wp","href":"https:\/\/api.w.org\/{rel}","templated":true}]}}