{"id":90567,"date":"2026-02-26T12:35:27","date_gmt":"2026-02-26T09:35:27","guid":{"rendered":"https:\/\/www.egemtv.com\/?p=90567"},"modified":"2026-02-26T12:35:28","modified_gmt":"2026-02-26T09:35:28","slug":"hocali-soykiriminin-34-yildonumu-denizlide-torenle-anildi","status":"publish","type":"post","link":"https:\/\/www.egemtv.com\/?p=90567","title":{"rendered":"Hocal\u0131 soyk\u0131r\u0131m\u0131n\u0131n 34. y\u0131ld\u00f6n\u00fcm\u00fc Denizli\u2019de t\u00f6renle an\u0131ld\u0131"},"content":{"rendered":"<p>Denizli B\u00fcy\u00fck\u015fehir Belediyesi, 26 \u015eubat 1992\u2019de Azerbaycan\u2019\u0131n Hocal\u0131 kentinde 106\u2019s\u0131 kad\u0131n, 70\u2019i ya\u015fl\u0131, 83\u2019\u00fc \u00e7ocuk olmak \u00fczere toplam 613 Azerbaycan vatanda\u015f\u0131n\u0131n katledildi\u011fi Hocal\u0131 Soyk\u0131r\u0131m\u0131\u2019n\u0131n 34. y\u0131ld\u00f6n\u00fcm\u00fc dolay\u0131s\u0131yla anma t\u00f6reni d\u00fczenledi.<\/p>\n<p>T\u00f6ren, Azerbaycan-Karaba\u011f Park\u0131\u2019ndaki Hocal\u0131 Soyk\u0131r\u0131m\u0131 An\u0131t\u0131 \u00f6n\u00fcnde ger\u00e7ekle\u015ftirildi. Anma program\u0131na Denizli B\u00fcy\u00fck\u015fehir Belediye Ba\u015fkan\u0131 B\u00fclent Nuri \u00c7avu\u015fo\u011flu, Merkezefendi Kaymakam\u0131 Abdullah Demir, Merkezefendi Belediye Ba\u015fkan\u0131 \u015eeniz Do\u011fan, siyasi parti ve sivil toplum \u00f6rg\u00fctlerinin temsilcileri, gaziler, \u00f6\u011frenciler ve \u00e7ok say\u0131da vatanda\u015f kat\u0131ld\u0131. Program, Ba\u015fkan \u00c7avu\u015fo\u011flu\u2019nun Hocal\u0131 Soyk\u0131r\u0131m\u0131 An\u0131t\u0131\u2019na \u00e7elenk sunmas\u0131yla ba\u015flad\u0131. Ard\u0131ndan sayg\u0131 duru\u015funda bulunuldu, Azerbaycan Milli Mar\u015f\u0131 ve \u0130stiklal Mar\u015f\u0131 okundu.<\/p>\n<p>&#8220;Masumlar hedef al\u0131nd\u0131&#8221;<br \/>\n<br \/>Anma t\u00f6reninde konu\u015fan Denizli B\u00fcy\u00fck\u015fehir Belediye Ba\u015fkan\u0131 B\u00fclent Nuri \u00c7avu\u015fo\u011flu, d\u00fcnya tarihinde bir\u00e7ok b\u00fcy\u00fck katliam\u0131n ya\u015fand\u0131\u011f\u0131n\u0131 belirterek, bu ac\u0131lar\u0131n en a\u011f\u0131r bedelini her zaman masum sivillerin \u00f6dedi\u011fini vurgulad\u0131. 34 y\u0131l \u00f6nce 25 \u015eubat\u2019\u0131 26 \u015eubat\u2019a ba\u011flayan gece Hocal\u0131\u2019da ya\u015fananlar\u0131n insanl\u0131k tarihine kara bir leke olarak ge\u00e7ti\u011fini ifade eden Ba\u015fkan B\u00fclent Nuri \u00c7avu\u015fo\u011flu, kad\u0131n, \u00e7ocuk, ya\u015fl\u0131 demeden bir halk\u0131n katledildi\u011fini s\u00f6yledi. Sorumlular\u0131n bug\u00fcn hesap vermemi\u015f olsalar bile er ya da ge\u00e7 adalet \u00f6n\u00fcnde hesap vereceklerini dile getiren Ba\u015fkan \u00c7avu\u015fo\u011flu, sava\u015f ve \u00e7at\u0131\u015fma politikalar\u0131n\u0131n kar\u015f\u0131s\u0131nda bar\u0131\u015f\u0131n b\u00fcy\u00fct\u00fclmesi gerekti\u011fini kaydetti.<\/p>\n<p>&#8220;Yurtta bar\u0131\u015f, d\u00fcnyada bar\u0131\u015f&#8221;<br \/>\n<br \/>Toplumlar\u0131 ayr\u0131\u015ft\u0131rmaya \u00e7al\u0131\u015fan anlay\u0131\u015flara kar\u015f\u0131 birlik ve beraberlik vurgusu yapan Ba\u015fkan \u00c7avu\u015fo\u011flu, Gazi Mustafa Kemal Atat\u00fcrk\u2019\u00fcn &#8220;Yurtta bar\u0131\u015f, d\u00fcnyada bar\u0131\u015f&#8221; ilkesini hat\u0131rlatarak bar\u0131\u015f\u0131n egemen olmas\u0131 i\u00e7in m\u00fccadele edilmesi gerekti\u011fini ifade etti. Gen\u00e7lere de seslenen B\u00fcy\u00fck\u015fehir Belediye Ba\u015fkan\u0131 \u00c7avu\u015fo\u011flu, bar\u0131\u015f ve sevginin b\u00fcy\u00fct\u00fclmesinin gelecek nesillerin en \u00f6nemli sorumluluklar\u0131ndan biri oldu\u011funu belirtti. Dil, din, \u0131rk ve mezhep ayr\u0131m\u0131 g\u00f6zetmeden birlikte ya\u015fama k\u00fclt\u00fcr\u00fcn\u00fcn g\u00fc\u00e7lendirilmesi gerekti\u011fini vurgulayan Ba\u015fkan \u00c7avu\u015fo\u011flu, Hocal\u0131\u2019da hayat\u0131n\u0131 kaybedenlere rahmet, Azerbaycan halk\u0131na ba\u015fsa\u011fl\u0131\u011f\u0131 diledi. D\u00fcnyan\u0131n farkl\u0131 co\u011frafyalar\u0131nda ya\u015fanan katliamlara kar\u015f\u0131 da sessiz kal\u0131nmamas\u0131 gerekti\u011fini ifade eden Ba\u015fkan \u00c7avu\u015fo\u011flu, insan haklar\u0131 ihlallerine kar\u015f\u0131 ortak bir vicdan geli\u015ftirilmesinin \u00f6nemine dikkat \u00e7ekti.<\/p>\n<p>Anma program\u0131n\u0131n ard\u0131ndan Necla-Erg\u00fcn Abal\u0131o\u011flu Meslek Lisesi\u2019nde yazar Sedat Serdaro\u011flu taraf\u0131ndan &#8220;Hocal\u0131 Soyk\u0131r\u0131m\u0131&#8221; konulu konferans verildi. Konferansta Hocal\u0131\u2019da ya\u015fananlar\u0131n tarihi ve siyasi boyutlar\u0131 \u00f6\u011frencilere aktar\u0131ld\u0131.<br \/><\/p>\n","protected":false},"excerpt":{"rendered":"<p>Denizli B\u00fcy\u00fck\u015fehir Belediyesi, 26 \u015eubat 1992\u2019de Azerbaycan\u2019\u0131n Hocal\u0131 kentinde 106\u2019s\u0131 kad\u0131n, 70\u2019i ya\u015fl\u0131, 83\u2019\u00fc \u00e7ocuk olmak \u00fczere toplam 613 Azerbaycan vatanda\u015f\u0131n\u0131n katledildi\u011fi Hocal\u0131 Soyk\u0131r\u0131m\u0131\u2019n\u0131n 34. y\u0131ld\u00f6n\u00fcm\u00fc dolay\u0131s\u0131yla anma t\u00f6reni d\u00fczenledi. T\u00f6ren, Azerbaycan-Karaba\u011f Park\u0131\u2019ndaki Hocal\u0131 Soyk\u0131r\u0131m\u0131 An\u0131t\u0131 \u00f6n\u00fcnde ger\u00e7ekle\u015ftirildi. Anma program\u0131na Denizli B\u00fcy\u00fck\u015fehir Belediye Ba\u015fkan\u0131 B\u00fclent Nuri \u00c7avu\u015fo\u011flu, Merkezefendi Kaymakam\u0131 Abdullah Demir, Merkezefendi Belediye Ba\u015fkan\u0131 \u015eeniz&#8230;<\/p>\n","protected":false},"author":1,"featured_media":90568,"comment_status":"open","ping_status":"open","sticky":false,"template":"","format":"standard","meta":{"_crdt_document":"","footnotes":""},"categories":[1],"tags":[],"class_list":["post-90567","post","type-post","status-publish","format-standard","has-post-thumbnail","hentry","category-guncel"],"_links":{"self":[{"href":"https:\/\/www.egemtv.com\/index.php?rest_route=\/wp\/v2\/posts\/90567","targetHints":{"allow":["GET"]}}],"collection":[{"href":"https:\/\/www.egemtv.com\/index.php?rest_route=\/wp\/v2\/posts"}],"about":[{"href":"https:\/\/www.egemtv.com\/index.php?rest_route=\/wp\/v2\/types\/post"}],"author":[{"embeddable":true,"href":"https:\/\/www.egemtv.com\/index.php?rest_route=\/wp\/v2\/users\/1"}],"replies":[{"embeddable":true,"href":"https:\/\/www.egemtv.com\/index.php?rest_route=%2Fwp%2Fv2%2Fcomments&post=90567"}],"version-history":[{"count":1,"href":"https:\/\/www.egemtv.com\/index.php?rest_route=\/wp\/v2\/posts\/90567\/revisions"}],"predecessor-version":[{"id":90569,"href":"https:\/\/www.egemtv.com\/index.php?rest_route=\/wp\/v2\/posts\/90567\/revisions\/90569"}],"wp:featuredmedia":[{"embeddable":true,"href":"https:\/\/www.egemtv.com\/index.php?rest_route=\/wp\/v2\/media\/90568"}],"wp:attachment":[{"href":"https:\/\/www.egemtv.com\/index.php?rest_route=%2Fwp%2Fv2%2Fmedia&parent=90567"}],"wp:term":[{"taxonomy":"category","embeddable":true,"href":"https:\/\/www.egemtv.com\/index.php?rest_route=%2Fwp%2Fv2%2Fcategories&post=90567"},{"taxonomy":"post_tag","embeddable":true,"href":"https:\/\/www.egemtv.com\/index.php?rest_route=%2Fwp%2Fv2%2Ftags&post=90567"}],"curies":[{"name":"wp","href":"https:\/\/api.w.org\/{rel}","templated":true}]}}