{"id":90564,"date":"2026-02-26T12:14:53","date_gmt":"2026-02-26T09:14:53","guid":{"rendered":"https:\/\/www.egemtv.com\/?p=90564"},"modified":"2026-02-26T12:14:53","modified_gmt":"2026-02-26T09:14:53","slug":"manisa-tsodan-surdurulebilir-uretim-cagrisi","status":"publish","type":"post","link":"https:\/\/www.egemtv.com\/?p=90564","title":{"rendered":"Manisa TSO\u2019dan s\u00fcrd\u00fcr\u00fclebilir \u00fcretim \u00e7a\u011fr\u0131s\u0131"},"content":{"rendered":"<p>Manisa Ticaret ve Sanayi Odas\u0131 (Manisa TSO) Ba\u015fkan\u0131 Mehmet Y\u0131lmaz, iklim de\u011fi\u015fikli\u011finin tar\u0131m ve \u00fcretim \u00fczerindeki etkilerine dikkat \u00e7ekerek verimli, dijital ve \u00f6l\u00e7ek ekonomisine dayal\u0131 yeni bir \u00fcretim modeline ge\u00e7ilmesi gerekti\u011fini vurgulad\u0131. Y\u0131lmaz, s\u00fcrd\u00fcr\u00fclebilir b\u00fcy\u00fcme i\u00e7in \u00fcretici ve yat\u0131r\u0131mc\u0131n\u0131n desteklenmesinin \u015fart oldu\u011funu ifade etti.<br \/>\n<br \/>Manisa Ticaret ve Sanayi Odas\u0131 (Manisa TSO) \u015eubat Ay\u0131 Ola\u011fan Meclis Toplant\u0131s\u0131, Meclis Ba\u015fkan\u0131 \u00dcmit T\u00fcrek ba\u015fkanl\u0131\u011f\u0131nda ger\u00e7ekle\u015ftirildi. Toplant\u0131da konu\u015fan Y\u00f6netim Kurulu Ba\u015fkan\u0131 Mehmet Y\u0131lmaz, iklim de\u011fi\u015fikli\u011finden k\u00fcresel ticarete, finansmana eri\u015fimden yat\u0131r\u0131m ortam\u0131na kadar bir\u00e7ok ba\u015fl\u0131kta \u00f6nemli de\u011ferlendirmelerde bulundu.<br \/>\n<br \/>Toplant\u0131n\u0131n a\u00e7\u0131l\u0131\u015f\u0131nda Ramazan ay\u0131n\u0131n birlik ve dayan\u0131\u015fma duygular\u0131n\u0131 g\u00fc\u00e7lendirdi\u011fini belirten Ba\u015fkan Mehmet Y\u0131lmaz, Ramazan\u2019\u0131n \u00fclkeye ve t\u00fcm \u0130slam Alemine huzur ve bereket getirmesi temennisinde bulundu.<\/p>\n<p>\u0130klim de\u011fi\u015fikli\u011fi ve tar\u0131m vurgusu<br \/>\n<br \/>Konu\u015fmas\u0131nda iklim de\u011fi\u015fikli\u011finin etkilerine geni\u015f yer ay\u0131ran Y\u0131lmaz, bu y\u0131l ya\u011f\u0131\u015flar\u0131n yo\u011fun ya\u015fand\u0131\u011f\u0131n\u0131 ancak ani ve a\u015f\u0131r\u0131 ya\u011f\u0131\u015flar\u0131n sel ve su bask\u0131nlar\u0131na neden olarak \u00e7ift\u00e7i ve esnaf\u0131 olumsuz etkiledi\u011fini ifade etti.<br \/>\n<br \/>Tar\u0131m kenti olan Manisa i\u00e7in su ve toprak y\u00f6netiminin hayati \u00f6neme sahip oldu\u011funu vurgulayan Y\u0131lmaz, de\u011fi\u015fen iklim \u015fartlar\u0131na uygun tar\u0131m politikalar\u0131n\u0131n geli\u015ftirilmesi gerekti\u011fini s\u00f6yledi.<br \/>\n<br \/>Verimsiz \u00fcretim modellerinin, k\u00fc\u00e7\u00fck ve par\u00e7al\u0131 tar\u0131m arazilerinin ve rasyonel olmayan su kullan\u0131m\u0131n\u0131n s\u00fcrd\u00fcr\u00fclebilir olmad\u0131\u011f\u0131n\u0131 belirten Y\u0131lmaz, \u00f6l\u00e7ek ekonomisine dayal\u0131, dijital \u00e7\u00f6z\u00fcmleri i\u00e7eren ve d\u00fcnya \u00f6rneklerini dikkate alan yeni bir \u00fcretim anlay\u0131\u015f\u0131na ihtiya\u00e7 oldu\u011funu kaydetti.<\/p>\n<p>K\u00fcresel geli\u015fmeler ve ticaret<br \/>\n<br \/>Ba\u015fkan Y\u0131lmaz, k\u00fcresel siyasi risklerin piyasalar \u00fczerindeki etkilerine de de\u011findi. Ukrayna-Rusya sava\u015f\u0131, Orta Do\u011fu\u2019daki geli\u015fmeler ve ABD merkezli ekonomik kararlar\u0131n k\u00fcresel piyasalarda dalgalanmalara yol a\u00e7t\u0131\u011f\u0131n\u0131 belirten Y\u0131lmaz, uluslararas\u0131 kurulu\u015flar\u0131n 2026 ve 2027 y\u0131llar\u0131 i\u00e7in d\u00fcnya ekonomisinde yakla\u015f\u0131k y\u00fczde 3 b\u00fcy\u00fcme bekledi\u011fini, T\u00fcrkiye i\u00e7in ise bu oran\u0131n y\u00fczde 4 civar\u0131nda \u00f6ng\u00f6r\u00fcld\u00fc\u011f\u00fcn\u00fc aktard\u0131.<br \/>\n<br \/>Avrupa Birli\u011fi ile Hindistan aras\u0131nda g\u00fcndeme gelen ticaret anla\u015fmas\u0131n\u0131n T\u00fcrkiye a\u00e7\u0131s\u0131ndan dikkatle takip edilmesi gerekti\u011fini ifade eden Y\u0131lmaz, \u00f6zellikle kimyasallar, plastik, kau\u00e7uk ve tekstil sekt\u00f6rlerinde rekabet \u015fartlar\u0131n\u0131n de\u011fi\u015febilece\u011fine i\u015faret etti.<\/p>\n<p>Faiz ve finansmana eri\u015fim mesaj\u0131<br \/>\n<br \/>Konu\u015fmas\u0131n\u0131n sonunda ekonomik istikrar\u0131n g\u00fc\u00e7lendirilmesi, enflasyonla m\u00fccadelenin s\u00fcrd\u00fcr\u00fclmesi ve \u00fcretim ile yat\u0131r\u0131m ortam\u0131n\u0131n desteklenmesinin \u00f6nemine de\u011finen Y\u0131lmaz, \u00fcretim yapan, ihracat ger\u00e7ekle\u015ftiren ve istihdam sa\u011flayan i\u015fletmelerin finansmana eri\u015fiminin kolayla\u015ft\u0131r\u0131lmas\u0131n\u0131n b\u00fcy\u00fck \u00f6nem ta\u015f\u0131d\u0131\u011f\u0131n\u0131 vurgulad\u0131.<br \/>\n<br \/>Y\u00fcksek finansman maliyetlerinin yat\u0131r\u0131m ortam\u0131n\u0131 zorlad\u0131\u011f\u0131n\u0131 ifade eden Y\u0131lmaz, i\u015f yapan ve \u00fcreten kesimin desteklenmesinin ekonomik istikrar a\u00e7\u0131s\u0131ndan b\u00fcy\u00fck \u00f6nem ta\u015f\u0131d\u0131\u011f\u0131n\u0131 s\u00f6yledi.<br \/>\n<br \/>Toplant\u0131, g\u00fcndem maddelerinin g\u00f6r\u00fc\u015f\u00fclmesinin ard\u0131ndan sona erdi.<br \/><\/p>\n","protected":false},"excerpt":{"rendered":"<p>Manisa Ticaret ve Sanayi Odas\u0131 (Manisa TSO) Ba\u015fkan\u0131 Mehmet Y\u0131lmaz, iklim de\u011fi\u015fikli\u011finin tar\u0131m ve \u00fcretim \u00fczerindeki etkilerine dikkat \u00e7ekerek verimli, dijital ve \u00f6l\u00e7ek ekonomisine dayal\u0131 yeni bir \u00fcretim modeline ge\u00e7ilmesi gerekti\u011fini vurgulad\u0131. Y\u0131lmaz, s\u00fcrd\u00fcr\u00fclebilir b\u00fcy\u00fcme i\u00e7in \u00fcretici ve yat\u0131r\u0131mc\u0131n\u0131n desteklenmesinin \u015fart oldu\u011funu ifade etti. Manisa Ticaret ve Sanayi Odas\u0131 (Manisa TSO) \u015eubat Ay\u0131 Ola\u011fan Meclis&#8230;<\/p>\n","protected":false},"author":1,"featured_media":90565,"comment_status":"open","ping_status":"open","sticky":false,"template":"","format":"standard","meta":{"_crdt_document":"","footnotes":""},"categories":[125],"tags":[],"class_list":["post-90564","post","type-post","status-publish","format-standard","has-post-thumbnail","hentry","category-ekonomi"],"_links":{"self":[{"href":"https:\/\/www.egemtv.com\/index.php?rest_route=\/wp\/v2\/posts\/90564","targetHints":{"allow":["GET"]}}],"collection":[{"href":"https:\/\/www.egemtv.com\/index.php?rest_route=\/wp\/v2\/posts"}],"about":[{"href":"https:\/\/www.egemtv.com\/index.php?rest_route=\/wp\/v2\/types\/post"}],"author":[{"embeddable":true,"href":"https:\/\/www.egemtv.com\/index.php?rest_route=\/wp\/v2\/users\/1"}],"replies":[{"embeddable":true,"href":"https:\/\/www.egemtv.com\/index.php?rest_route=%2Fwp%2Fv2%2Fcomments&post=90564"}],"version-history":[{"count":1,"href":"https:\/\/www.egemtv.com\/index.php?rest_route=\/wp\/v2\/posts\/90564\/revisions"}],"predecessor-version":[{"id":90566,"href":"https:\/\/www.egemtv.com\/index.php?rest_route=\/wp\/v2\/posts\/90564\/revisions\/90566"}],"wp:featuredmedia":[{"embeddable":true,"href":"https:\/\/www.egemtv.com\/index.php?rest_route=\/wp\/v2\/media\/90565"}],"wp:attachment":[{"href":"https:\/\/www.egemtv.com\/index.php?rest_route=%2Fwp%2Fv2%2Fmedia&parent=90564"}],"wp:term":[{"taxonomy":"category","embeddable":true,"href":"https:\/\/www.egemtv.com\/index.php?rest_route=%2Fwp%2Fv2%2Fcategories&post=90564"},{"taxonomy":"post_tag","embeddable":true,"href":"https:\/\/www.egemtv.com\/index.php?rest_route=%2Fwp%2Fv2%2Ftags&post=90564"}],"curies":[{"name":"wp","href":"https:\/\/api.w.org\/{rel}","templated":true}]}}