{"id":90561,"date":"2026-02-26T12:14:52","date_gmt":"2026-02-26T09:14:52","guid":{"rendered":"https:\/\/www.egemtv.com\/?p=90561"},"modified":"2026-02-26T12:14:53","modified_gmt":"2026-02-26T09:14:53","slug":"yildiz-erkekler-floor-curlingde-osmankoy-ortaokulu-birinci-oldu","status":"publish","type":"post","link":"https:\/\/www.egemtv.com\/?p=90561","title":{"rendered":"Y\u0131ld\u0131z Erkekler Floor Curling\u2019de Osmank\u00f6y Ortaokulu birinci oldu"},"content":{"rendered":"<p>Afyonkarahisar\u2019da ger\u00e7ekle\u015ftirilen \u2018Floor Curling Y\u0131ld\u0131z Erkekler\u2019 m\u00fcsabakalar\u0131nda kazanan tak\u0131mlar yap\u0131lan ma\u00e7lar sonras\u0131 belli oldu.<br \/>\n<br \/>Kar\u015f\u0131la\u015fmalar Kocatepe Spor Kompleksi \u00c7i\u011filtepe Spor Salonunda ger\u00e7ekle\u015ftirildi. Kocatepe Spor Kompleksi \u00c7i\u011filtepe Spor Salonunda d\u00fczenlenen Floor Curling Y\u0131ld\u0131z Erkekler m\u00fcsabakalar\u0131 tamamland\u0131. M\u00fcsabakalar neticesinde Osmank\u00f6y Ortaokulu birinci, Kusura \u015eehit Mustafa \u015eim\u015fek Ortaokulu ikinci, Mare\u015fal Fevzi \u00c7akmak Ortaokulu \u00fc\u00e7\u00fcnc\u00fc, \u00c7ay Atat\u00fcrk Ortaokulu d\u00f6rd\u00fcnc\u00fc oldu.<br \/>\n<br \/>Dereceye giren tak\u0131mlara kupa ve madalyalar\u0131 Spor Hizmetleri M\u00fcd\u00fcr\u00fc Y\u0131lmaz Er\u015fen taraf\u0131ndan takdim edildi.<br \/><\/p>\n","protected":false},"excerpt":{"rendered":"<p>Afyonkarahisar\u2019da ger\u00e7ekle\u015ftirilen \u2018Floor Curling Y\u0131ld\u0131z Erkekler\u2019 m\u00fcsabakalar\u0131nda kazanan tak\u0131mlar yap\u0131lan ma\u00e7lar sonras\u0131 belli oldu. Kar\u015f\u0131la\u015fmalar Kocatepe Spor Kompleksi \u00c7i\u011filtepe Spor Salonunda ger\u00e7ekle\u015ftirildi. Kocatepe Spor Kompleksi \u00c7i\u011filtepe Spor Salonunda d\u00fczenlenen Floor Curling Y\u0131ld\u0131z Erkekler m\u00fcsabakalar\u0131 tamamland\u0131. M\u00fcsabakalar neticesinde Osmank\u00f6y Ortaokulu birinci, Kusura \u015eehit Mustafa \u015eim\u015fek Ortaokulu ikinci, Mare\u015fal Fevzi \u00c7akmak Ortaokulu \u00fc\u00e7\u00fcnc\u00fc, \u00c7ay Atat\u00fcrk Ortaokulu d\u00f6rd\u00fcnc\u00fc&#8230;<\/p>\n","protected":false},"author":1,"featured_media":90562,"comment_status":"open","ping_status":"open","sticky":false,"template":"","format":"standard","meta":{"_crdt_document":"","footnotes":""},"categories":[4],"tags":[],"class_list":["post-90561","post","type-post","status-publish","format-standard","has-post-thumbnail","hentry","category-spor"],"_links":{"self":[{"href":"https:\/\/www.egemtv.com\/index.php?rest_route=\/wp\/v2\/posts\/90561","targetHints":{"allow":["GET"]}}],"collection":[{"href":"https:\/\/www.egemtv.com\/index.php?rest_route=\/wp\/v2\/posts"}],"about":[{"href":"https:\/\/www.egemtv.com\/index.php?rest_route=\/wp\/v2\/types\/post"}],"author":[{"embeddable":true,"href":"https:\/\/www.egemtv.com\/index.php?rest_route=\/wp\/v2\/users\/1"}],"replies":[{"embeddable":true,"href":"https:\/\/www.egemtv.com\/index.php?rest_route=%2Fwp%2Fv2%2Fcomments&post=90561"}],"version-history":[{"count":1,"href":"https:\/\/www.egemtv.com\/index.php?rest_route=\/wp\/v2\/posts\/90561\/revisions"}],"predecessor-version":[{"id":90563,"href":"https:\/\/www.egemtv.com\/index.php?rest_route=\/wp\/v2\/posts\/90561\/revisions\/90563"}],"wp:featuredmedia":[{"embeddable":true,"href":"https:\/\/www.egemtv.com\/index.php?rest_route=\/wp\/v2\/media\/90562"}],"wp:attachment":[{"href":"https:\/\/www.egemtv.com\/index.php?rest_route=%2Fwp%2Fv2%2Fmedia&parent=90561"}],"wp:term":[{"taxonomy":"category","embeddable":true,"href":"https:\/\/www.egemtv.com\/index.php?rest_route=%2Fwp%2Fv2%2Fcategories&post=90561"},{"taxonomy":"post_tag","embeddable":true,"href":"https:\/\/www.egemtv.com\/index.php?rest_route=%2Fwp%2Fv2%2Ftags&post=90561"}],"curies":[{"name":"wp","href":"https:\/\/api.w.org\/{rel}","templated":true}]}}