{"id":90558,"date":"2026-02-26T11:35:40","date_gmt":"2026-02-26T08:35:40","guid":{"rendered":"https:\/\/www.egemtv.com\/?p=90558"},"modified":"2026-02-26T11:35:41","modified_gmt":"2026-02-26T08:35:41","slug":"kaymakam-dalaktan-kyk-kiz-yurdunda-iftar-bulusmasi","status":"publish","type":"post","link":"https:\/\/www.egemtv.com\/?p=90558","title":{"rendered":"Kaymakam Dalak\u2019tan KYK K\u0131z Yurdu\u2019nda iftar bulu\u015fmas\u0131"},"content":{"rendered":"<p>Sar\u0131g\u00f6l Kaymakam\u0131 Halil Dalak, e\u015fi Ayfer Dalak ile birlikte KYK K\u0131z \u00d6\u011frenci Yurdu\u2019nda d\u00fczenlenen iftar program\u0131nda \u00f6\u011frencilerle bir araya geldi. \u00d6\u011frencilerin sorunlar\u0131n\u0131 dinleyen Kaymakam Dalak, &#8220;Her zaman yan\u0131n\u0131zday\u0131z&#8221; mesaj\u0131 verdi.<br \/>\n<br \/>Manisa\u2019n\u0131n Sar\u0131g\u00f6l il\u00e7esinde Ramazan ay\u0131 dolay\u0131s\u0131yla d\u00fczenlenen iftar program\u0131nda Sar\u0131g\u00f6l Kaymakam\u0131 Halil Dalak ve e\u015fi Ayfer Dalak, KYK K\u0131z \u00d6\u011frenci Yurdu \u00f6\u011frencileriyle bulu\u015ftu.<br \/>\n<br \/>\u0130ftar program\u0131 \u00f6ncesinde yurtta kalan \u00f6\u011frencilerle uzun s\u00fcre sohbet eden Kaymakam Dalak, gen\u00e7lerin talep ve sorunlar\u0131n\u0131 dinledi. \u00d6\u011frencilerin e\u011fitim hayatlar\u0131na dair g\u00f6r\u00fc\u015f al\u0131\u015fveri\u015finde bulunan Dalak, devletin t\u00fcm imk\u00e2nlar\u0131yla \u00f6\u011frencilerin yan\u0131nda oldu\u011funu ifade ederek, kap\u0131lar\u0131n\u0131n her zaman a\u00e7\u0131k oldu\u011funu s\u00f6yledi.<br \/>\n<br \/>\u0130ftar daveti dolay\u0131s\u0131yla yurt y\u00f6netimine te\u015fekk\u00fcr eden Kaymakam Dalak, Ramazan ay\u0131n\u0131n birlik ve beraberli\u011fi g\u00fc\u00e7lendirdi\u011fini belirtti.<br \/>\n<br \/>Programa Sar\u0131g\u00f6l Gen\u00e7lik ve Spor \u0130l\u00e7e M\u00fcd\u00fcr\u00fc G\u00f6khan Y\u0131ld\u0131r\u0131m da kat\u0131ld\u0131. Y\u0131ld\u0131r\u0131m, il\u00e7edeki yurtlar\u0131n mevcut durumu hakk\u0131nda bilgi vererek ihtiya\u00e7 ve eksikliklere ili\u015fkin de\u011ferlendirmelerde bulundu.<br \/>\n<br \/>\u0130ftar program\u0131, yap\u0131lan dualar\u0131n ard\u0131ndan sona erdi.<br \/><\/p>\n","protected":false},"excerpt":{"rendered":"<p>Sar\u0131g\u00f6l Kaymakam\u0131 Halil Dalak, e\u015fi Ayfer Dalak ile birlikte KYK K\u0131z \u00d6\u011frenci Yurdu\u2019nda d\u00fczenlenen iftar program\u0131nda \u00f6\u011frencilerle bir araya geldi. \u00d6\u011frencilerin sorunlar\u0131n\u0131 dinleyen Kaymakam Dalak, &#8220;Her zaman yan\u0131n\u0131zday\u0131z&#8221; mesaj\u0131 verdi. Manisa\u2019n\u0131n Sar\u0131g\u00f6l il\u00e7esinde Ramazan ay\u0131 dolay\u0131s\u0131yla d\u00fczenlenen iftar program\u0131nda Sar\u0131g\u00f6l Kaymakam\u0131 Halil Dalak ve e\u015fi Ayfer Dalak, KYK K\u0131z \u00d6\u011frenci Yurdu \u00f6\u011frencileriyle bulu\u015ftu. \u0130ftar program\u0131&#8230;<\/p>\n","protected":false},"author":1,"featured_media":90559,"comment_status":"open","ping_status":"open","sticky":false,"template":"","format":"standard","meta":{"_crdt_document":"","footnotes":""},"categories":[123],"tags":[],"class_list":["post-90558","post","type-post","status-publish","format-standard","has-post-thumbnail","hentry","category-gundem"],"_links":{"self":[{"href":"https:\/\/www.egemtv.com\/index.php?rest_route=\/wp\/v2\/posts\/90558","targetHints":{"allow":["GET"]}}],"collection":[{"href":"https:\/\/www.egemtv.com\/index.php?rest_route=\/wp\/v2\/posts"}],"about":[{"href":"https:\/\/www.egemtv.com\/index.php?rest_route=\/wp\/v2\/types\/post"}],"author":[{"embeddable":true,"href":"https:\/\/www.egemtv.com\/index.php?rest_route=\/wp\/v2\/users\/1"}],"replies":[{"embeddable":true,"href":"https:\/\/www.egemtv.com\/index.php?rest_route=%2Fwp%2Fv2%2Fcomments&post=90558"}],"version-history":[{"count":1,"href":"https:\/\/www.egemtv.com\/index.php?rest_route=\/wp\/v2\/posts\/90558\/revisions"}],"predecessor-version":[{"id":90560,"href":"https:\/\/www.egemtv.com\/index.php?rest_route=\/wp\/v2\/posts\/90558\/revisions\/90560"}],"wp:featuredmedia":[{"embeddable":true,"href":"https:\/\/www.egemtv.com\/index.php?rest_route=\/wp\/v2\/media\/90559"}],"wp:attachment":[{"href":"https:\/\/www.egemtv.com\/index.php?rest_route=%2Fwp%2Fv2%2Fmedia&parent=90558"}],"wp:term":[{"taxonomy":"category","embeddable":true,"href":"https:\/\/www.egemtv.com\/index.php?rest_route=%2Fwp%2Fv2%2Fcategories&post=90558"},{"taxonomy":"post_tag","embeddable":true,"href":"https:\/\/www.egemtv.com\/index.php?rest_route=%2Fwp%2Fv2%2Ftags&post=90558"}],"curies":[{"name":"wp","href":"https:\/\/api.w.org\/{rel}","templated":true}]}}