{"id":90555,"date":"2026-02-26T11:35:39","date_gmt":"2026-02-26T08:35:39","guid":{"rendered":"https:\/\/www.egemtv.com\/?p=90555"},"modified":"2026-02-26T11:35:40","modified_gmt":"2026-02-26T08:35:40","slug":"nazilli-belediyesinden-is-yeri-ilaclamasina-sertifika-destegi","status":"publish","type":"post","link":"https:\/\/www.egemtv.com\/?p=90555","title":{"rendered":"Nazilli Belediyesi\u2019nden i\u015f yeri ila\u00e7lamas\u0131na sertifika deste\u011fi"},"content":{"rendered":"<p>Nazilli Belediyesi, bir y\u0131ll\u0131k i\u015f yeri ila\u00e7lama s\u00f6zle\u015fmesi yapan i\u015fletmelere sertifika verilece\u011fini duyurdu.<\/p>\n<p>Belediyenin Veterinerlik Hizmetleri M\u00fcd\u00fcrl\u00fc\u011f\u00fc taraf\u0131ndan y\u00fcr\u00fct\u00fclen \u00e7al\u0131\u015fmalar kapsam\u0131nda, ev ve i\u015f yerlerine y\u00f6nelik d\u00fczenli ve kurumsal ila\u00e7lama hizmeti yeni y\u0131lda da aral\u0131ks\u0131z devam ediyor.<\/p>\n<p>Ge\u00e7ti\u011fimiz d\u00f6nemde Ayd\u0131n \u0130l Sa\u011fl\u0131k M\u00fcd\u00fcrl\u00fc\u011f\u00fc\u2019nden al\u0131nan &#8220;Biyosidal \u00dcr\u00fcn Uygulama \u0130zin ve Mesul M\u00fcd\u00fcrl\u00fck Belgesi&#8221; sayesinde hizmetlerin yasal \u00e7er\u00e7evede s\u00fcrd\u00fcr\u00fcld\u00fc\u011f\u00fc belirtildi. Ayd\u0131n il s\u0131n\u0131rlar\u0131 i\u00e7erisinde az say\u0131da belediyenin sahip oldu\u011fu bu belge ile halk sa\u011fl\u0131\u011f\u0131 a\u00e7\u0131s\u0131ndan b\u00fcy\u00fck \u00f6nem ta\u015f\u0131yan ev ve i\u015f yeri ila\u00e7lama hizmeti kesintisiz \u015fekilde veriliyor.<\/p>\n<p>\u0130\u015f yerlerine belediye taraf\u0131ndan ila\u00e7lama yap\u0131ld\u0131\u011f\u0131n\u0131 g\u00f6steren ve yasal kontrollerde \u00f6nem ta\u015f\u0131yan bir belge verildi\u011fini ifade eden Veterinerlik Hizmetleri M\u00fcd\u00fcrl\u00fc\u011f\u00fc yetkilileri, ayr\u0131ca ayl\u0131k d\u00fczenli ila\u00e7lama hizmeti alan i\u015f yeri ve firma sahiplerinin, i\u015f yerlerine asabilecekleri bir sertifikaya da sahip olaca\u011f\u0131 bildirdi.<br \/><\/p>\n","protected":false},"excerpt":{"rendered":"<p>Nazilli Belediyesi, bir y\u0131ll\u0131k i\u015f yeri ila\u00e7lama s\u00f6zle\u015fmesi yapan i\u015fletmelere sertifika verilece\u011fini duyurdu. Belediyenin Veterinerlik Hizmetleri M\u00fcd\u00fcrl\u00fc\u011f\u00fc taraf\u0131ndan y\u00fcr\u00fct\u00fclen \u00e7al\u0131\u015fmalar kapsam\u0131nda, ev ve i\u015f yerlerine y\u00f6nelik d\u00fczenli ve kurumsal ila\u00e7lama hizmeti yeni y\u0131lda da aral\u0131ks\u0131z devam ediyor. Ge\u00e7ti\u011fimiz d\u00f6nemde Ayd\u0131n \u0130l Sa\u011fl\u0131k M\u00fcd\u00fcrl\u00fc\u011f\u00fc\u2019nden al\u0131nan &#8220;Biyosidal \u00dcr\u00fcn Uygulama \u0130zin ve Mesul M\u00fcd\u00fcrl\u00fck Belgesi&#8221; sayesinde hizmetlerin yasal&#8230;<\/p>\n","protected":false},"author":1,"featured_media":90556,"comment_status":"open","ping_status":"open","sticky":false,"template":"","format":"standard","meta":{"_crdt_document":"","footnotes":""},"categories":[1],"tags":[],"class_list":["post-90555","post","type-post","status-publish","format-standard","has-post-thumbnail","hentry","category-guncel"],"_links":{"self":[{"href":"https:\/\/www.egemtv.com\/index.php?rest_route=\/wp\/v2\/posts\/90555","targetHints":{"allow":["GET"]}}],"collection":[{"href":"https:\/\/www.egemtv.com\/index.php?rest_route=\/wp\/v2\/posts"}],"about":[{"href":"https:\/\/www.egemtv.com\/index.php?rest_route=\/wp\/v2\/types\/post"}],"author":[{"embeddable":true,"href":"https:\/\/www.egemtv.com\/index.php?rest_route=\/wp\/v2\/users\/1"}],"replies":[{"embeddable":true,"href":"https:\/\/www.egemtv.com\/index.php?rest_route=%2Fwp%2Fv2%2Fcomments&post=90555"}],"version-history":[{"count":1,"href":"https:\/\/www.egemtv.com\/index.php?rest_route=\/wp\/v2\/posts\/90555\/revisions"}],"predecessor-version":[{"id":90557,"href":"https:\/\/www.egemtv.com\/index.php?rest_route=\/wp\/v2\/posts\/90555\/revisions\/90557"}],"wp:featuredmedia":[{"embeddable":true,"href":"https:\/\/www.egemtv.com\/index.php?rest_route=\/wp\/v2\/media\/90556"}],"wp:attachment":[{"href":"https:\/\/www.egemtv.com\/index.php?rest_route=%2Fwp%2Fv2%2Fmedia&parent=90555"}],"wp:term":[{"taxonomy":"category","embeddable":true,"href":"https:\/\/www.egemtv.com\/index.php?rest_route=%2Fwp%2Fv2%2Fcategories&post=90555"},{"taxonomy":"post_tag","embeddable":true,"href":"https:\/\/www.egemtv.com\/index.php?rest_route=%2Fwp%2Fv2%2Ftags&post=90555"}],"curies":[{"name":"wp","href":"https:\/\/api.w.org\/{rel}","templated":true}]}}