{"id":90552,"date":"2026-02-26T11:35:37","date_gmt":"2026-02-26T08:35:37","guid":{"rendered":"https:\/\/www.egemtv.com\/?p=90552"},"modified":"2026-02-26T11:35:39","modified_gmt":"2026-02-26T08:35:39","slug":"liseli-gencler-aydini-temsil-etmek-icin-bir-araya-gelecek","status":"publish","type":"post","link":"https:\/\/www.egemtv.com\/?p=90552","title":{"rendered":"Liseli gen\u00e7ler Ayd\u0131n\u2019\u0131 temsil etmek i\u00e7in bir araya gelecek"},"content":{"rendered":"<p>Ayd\u0131n\u2019da liseli \u00f6\u011frenciler, &#8220;\u00dctopya ve Siyasetnameler&#8221; ile &#8220;T\u00fcrk Destanlar\u0131&#8221; ba\u015fl\u0131klar\u0131nda haz\u0131rlad\u0131klar\u0131 bildirileri il panelinde sunacak ve birinci se\u00e7ilen eserler T\u00fcrkiye panelinde Ayd\u0131n\u2019\u0131 temsil edecek.<\/p>\n<p>Ayd\u0131n \u0130l Milli E\u011fitim M\u00fcd\u00fcrl\u00fc\u011f\u00fc koordinesinde d\u00fczenlenen &#8220;Oku-yorum, Yaz\u0131-yorum Projesi Ayd\u0131n \u0130l Paneli&#8221; 27 \u015eubat 2026 Cuma g\u00fcn\u00fc saat 10.00\u2019da Ayd\u0131n Sosyal Bilimler Lisesi\u2019nde ger\u00e7ekle\u015ftirilecek. Ayd\u0131n Sosyal Bilimler Lisesi koordinat\u00f6rl\u00fc\u011f\u00fcnde yap\u0131lacak panele, Ayd\u0131n Fen Lisesi, Ortaklar Fen Lisesi, Nazilli Fen Lisesi ile Nazilli Sosyal Bilimler Lisesi kat\u0131lacak. Panel iki oturum halinde d\u00fczenlenecek. \u0130lk oturumda sosyal bilimler liseleri \u00f6\u011frencileri &#8220;\u00dctopya ve Siyasetnameler&#8221; ba\u015fl\u0131\u011f\u0131nda haz\u0131rlad\u0131klar\u0131 bildirileri sunacak. \u0130kinci oturumda ise fen liseleri \u00f6\u011frencileri &#8220;T\u00fcrk Destanlar\u0131&#8221; \u00fczerine \u00e7al\u0131\u015fmalar\u0131n\u0131 payla\u015facak. Program sonunda j\u00fcri de\u011ferlendirmesiyle birinci se\u00e7ilecek eserler, Ayd\u0131n\u2019\u0131 T\u00fcrkiye panelinde temsil etme hakk\u0131 kazanacak. Panelle \u00f6\u011frencilerin okuma, yorumlama ve akademik ifade becerilerinin geli\u015ftirilmesi ama\u00e7lan\u0131yor.<br \/><\/p>\n","protected":false},"excerpt":{"rendered":"<p>Ayd\u0131n\u2019da liseli \u00f6\u011frenciler, &#8220;\u00dctopya ve Siyasetnameler&#8221; ile &#8220;T\u00fcrk Destanlar\u0131&#8221; ba\u015fl\u0131klar\u0131nda haz\u0131rlad\u0131klar\u0131 bildirileri il panelinde sunacak ve birinci se\u00e7ilen eserler T\u00fcrkiye panelinde Ayd\u0131n\u2019\u0131 temsil edecek. Ayd\u0131n \u0130l Milli E\u011fitim M\u00fcd\u00fcrl\u00fc\u011f\u00fc koordinesinde d\u00fczenlenen &#8220;Oku-yorum, Yaz\u0131-yorum Projesi Ayd\u0131n \u0130l Paneli&#8221; 27 \u015eubat 2026 Cuma g\u00fcn\u00fc saat 10.00\u2019da Ayd\u0131n Sosyal Bilimler Lisesi\u2019nde ger\u00e7ekle\u015ftirilecek. Ayd\u0131n Sosyal Bilimler Lisesi koordinat\u00f6rl\u00fc\u011f\u00fcnde yap\u0131lacak&#8230;<\/p>\n","protected":false},"author":1,"featured_media":90553,"comment_status":"open","ping_status":"open","sticky":false,"template":"","format":"standard","meta":{"_crdt_document":"","footnotes":""},"categories":[1],"tags":[],"class_list":["post-90552","post","type-post","status-publish","format-standard","has-post-thumbnail","hentry","category-guncel"],"_links":{"self":[{"href":"https:\/\/www.egemtv.com\/index.php?rest_route=\/wp\/v2\/posts\/90552","targetHints":{"allow":["GET"]}}],"collection":[{"href":"https:\/\/www.egemtv.com\/index.php?rest_route=\/wp\/v2\/posts"}],"about":[{"href":"https:\/\/www.egemtv.com\/index.php?rest_route=\/wp\/v2\/types\/post"}],"author":[{"embeddable":true,"href":"https:\/\/www.egemtv.com\/index.php?rest_route=\/wp\/v2\/users\/1"}],"replies":[{"embeddable":true,"href":"https:\/\/www.egemtv.com\/index.php?rest_route=%2Fwp%2Fv2%2Fcomments&post=90552"}],"version-history":[{"count":1,"href":"https:\/\/www.egemtv.com\/index.php?rest_route=\/wp\/v2\/posts\/90552\/revisions"}],"predecessor-version":[{"id":90554,"href":"https:\/\/www.egemtv.com\/index.php?rest_route=\/wp\/v2\/posts\/90552\/revisions\/90554"}],"wp:featuredmedia":[{"embeddable":true,"href":"https:\/\/www.egemtv.com\/index.php?rest_route=\/wp\/v2\/media\/90553"}],"wp:attachment":[{"href":"https:\/\/www.egemtv.com\/index.php?rest_route=%2Fwp%2Fv2%2Fmedia&parent=90552"}],"wp:term":[{"taxonomy":"category","embeddable":true,"href":"https:\/\/www.egemtv.com\/index.php?rest_route=%2Fwp%2Fv2%2Fcategories&post=90552"},{"taxonomy":"post_tag","embeddable":true,"href":"https:\/\/www.egemtv.com\/index.php?rest_route=%2Fwp%2Fv2%2Ftags&post=90552"}],"curies":[{"name":"wp","href":"https:\/\/api.w.org\/{rel}","templated":true}]}}