{"id":90549,"date":"2026-02-26T11:35:35","date_gmt":"2026-02-26T08:35:35","guid":{"rendered":"https:\/\/www.egemtv.com\/?p=90549"},"modified":"2026-02-26T11:35:36","modified_gmt":"2026-02-26T08:35:36","slug":"baskan-doganca-minikleri-belediyede-agirladi","status":"publish","type":"post","link":"https:\/\/www.egemtv.com\/?p=90549","title":{"rendered":"Ba\u015fkan Do\u011fanca minikleri belediyede a\u011f\u0131rlad\u0131"},"content":{"rendered":"<p>Kuyucak Belediye Ba\u015fkan\u0131 U\u011fur Do\u011fanca Kuyucak Ertu\u011frul Gazi \u0130lkokulu \u00f6\u011frencilerini a\u011f\u0131rlarken, yerel y\u00f6netimler konusunu i\u015fleyen \u00f6\u011frenciler belediyeyi ziyaret ederek \u00e7al\u0131\u015fmalar\u0131 yerinde g\u00f6rme f\u0131rsat\u0131 buldu.<\/p>\n<p>Kuyucak Belediyesi\u2019nde ger\u00e7ekle\u015ftirilen ziyarette Belediye Ba\u015fkan\u0131 U\u011fur Do\u011fanca, \u00f6\u011frencilerle soru-cevap \u015feklinde sohbet etti. Samimi bir ortamda ge\u00e7en bulu\u015fmada belediyenin g\u00f6rev ve sorumluluklar\u0131 hakk\u0131nda bilgi verilirken, birimler tek tek tan\u0131t\u0131ld\u0131. Yerel y\u00f6netimlerin i\u015fleyi\u015fini uygulamal\u0131 olarak \u00f6\u011frenen \u00f6\u011frenciler, merak ettikleri konular\u0131 do\u011frudan Ba\u015fkan Do\u011fanca\u2019ya sorma imkan\u0131 buldu. Ziyarete ili\u015fkin de\u011ferlendirmede bulunan Ba\u015fkan Do\u011fanca, &#8220;\u0130l\u00e7emiz Kuyucak Ertu\u011frul Gazi \u0130lkokulu\u2019nda yerel y\u00f6netimler konusunu i\u015fleyen \u00f6\u011frencilerimizi belediyemizde a\u011f\u0131rlad\u0131k. Soru cevap \u015feklinde \u00f6\u011frencilerimizle sohbet ettik ve belediyemizin birimlerini \u00f6\u011frencilerimize tan\u0131tt\u0131k. Gelece\u011fimizin teminat\u0131 gen\u00e7lerimize e\u011fitim hayatlar\u0131nda ba\u015far\u0131lar diliyorum&#8221; ifadelerini kulland\u0131.<\/p>\n<p>Ziyaret, g\u00fcn\u00fcn an\u0131s\u0131na \u00e7ekilen hat\u0131ra foto\u011fraf\u0131 ile sona erdi.<br \/><\/p>\n","protected":false},"excerpt":{"rendered":"<p>Kuyucak Belediye Ba\u015fkan\u0131 U\u011fur Do\u011fanca Kuyucak Ertu\u011frul Gazi \u0130lkokulu \u00f6\u011frencilerini a\u011f\u0131rlarken, yerel y\u00f6netimler konusunu i\u015fleyen \u00f6\u011frenciler belediyeyi ziyaret ederek \u00e7al\u0131\u015fmalar\u0131 yerinde g\u00f6rme f\u0131rsat\u0131 buldu. Kuyucak Belediyesi\u2019nde ger\u00e7ekle\u015ftirilen ziyarette Belediye Ba\u015fkan\u0131 U\u011fur Do\u011fanca, \u00f6\u011frencilerle soru-cevap \u015feklinde sohbet etti. Samimi bir ortamda ge\u00e7en bulu\u015fmada belediyenin g\u00f6rev ve sorumluluklar\u0131 hakk\u0131nda bilgi verilirken, birimler tek tek tan\u0131t\u0131ld\u0131. Yerel y\u00f6netimlerin&#8230;<\/p>\n","protected":false},"author":1,"featured_media":90550,"comment_status":"open","ping_status":"open","sticky":false,"template":"","format":"standard","meta":{"_crdt_document":"","footnotes":""},"categories":[1],"tags":[],"class_list":["post-90549","post","type-post","status-publish","format-standard","has-post-thumbnail","hentry","category-guncel"],"_links":{"self":[{"href":"https:\/\/www.egemtv.com\/index.php?rest_route=\/wp\/v2\/posts\/90549","targetHints":{"allow":["GET"]}}],"collection":[{"href":"https:\/\/www.egemtv.com\/index.php?rest_route=\/wp\/v2\/posts"}],"about":[{"href":"https:\/\/www.egemtv.com\/index.php?rest_route=\/wp\/v2\/types\/post"}],"author":[{"embeddable":true,"href":"https:\/\/www.egemtv.com\/index.php?rest_route=\/wp\/v2\/users\/1"}],"replies":[{"embeddable":true,"href":"https:\/\/www.egemtv.com\/index.php?rest_route=%2Fwp%2Fv2%2Fcomments&post=90549"}],"version-history":[{"count":1,"href":"https:\/\/www.egemtv.com\/index.php?rest_route=\/wp\/v2\/posts\/90549\/revisions"}],"predecessor-version":[{"id":90551,"href":"https:\/\/www.egemtv.com\/index.php?rest_route=\/wp\/v2\/posts\/90549\/revisions\/90551"}],"wp:featuredmedia":[{"embeddable":true,"href":"https:\/\/www.egemtv.com\/index.php?rest_route=\/wp\/v2\/media\/90550"}],"wp:attachment":[{"href":"https:\/\/www.egemtv.com\/index.php?rest_route=%2Fwp%2Fv2%2Fmedia&parent=90549"}],"wp:term":[{"taxonomy":"category","embeddable":true,"href":"https:\/\/www.egemtv.com\/index.php?rest_route=%2Fwp%2Fv2%2Fcategories&post=90549"},{"taxonomy":"post_tag","embeddable":true,"href":"https:\/\/www.egemtv.com\/index.php?rest_route=%2Fwp%2Fv2%2Ftags&post=90549"}],"curies":[{"name":"wp","href":"https:\/\/api.w.org\/{rel}","templated":true}]}}