{"id":90546,"date":"2026-02-26T11:35:34","date_gmt":"2026-02-26T08:35:34","guid":{"rendered":"https:\/\/www.egemtv.com\/?p=90546"},"modified":"2026-02-26T11:35:35","modified_gmt":"2026-02-26T08:35:35","slug":"yeni-dortyol-koprulu-kavsagi-projesinde-calismalar-basliyor","status":"publish","type":"post","link":"https:\/\/www.egemtv.com\/?p=90546","title":{"rendered":"Yeni D\u00f6rtyol K\u00f6pr\u00fcl\u00fc Kav\u015fa\u011f\u0131 Projesi\u2019nde \u00e7al\u0131\u015fmalar ba\u015fl\u0131yor"},"content":{"rendered":"<p>Ayd\u0131n B\u00fcy\u00fck\u015fehir Belediye Ba\u015fkan\u0131 \u00d6zlem \u00c7er\u00e7io\u011flu\u2019nun s\u00f6z verdi\u011fi, Ayd\u0131n\u2019a kazand\u0131r\u0131lacak olan Yeni D\u00f6rtyol K\u00f6pr\u00fcl\u00fc Kav\u015fa\u011f\u0131 projesinde yap\u0131m \u00e7al\u0131\u015fmalar\u0131 ba\u015fl\u0131yor.<\/p>\n<p>\u00c7al\u0131\u015fmalar kapsam\u0131nda 27 \u015eubat Cuma g\u00fcn\u00fc saat 23.00 itibariyle Yeni D\u00f6rtyol Kav\u015fa\u011f\u0131 ve ba\u011flant\u0131 yollar\u0131nda trafik ak\u0131\u015f\u0131 ge\u00e7ici olarak durdurulacak. B\u00fcy\u00fck\u015fehir Belediyesi ekipleri, \u00e7al\u0131\u015fmalar\u0131n planlanan takvim do\u011frultusunda ve en k\u0131sa s\u00fcrede tamamlanmas\u0131 i\u00e7in sahada yo\u011fun mesai y\u00fcr\u00fctecek. S\u00fcr\u00fcc\u00fclerin ma\u011fduriyet ya\u015famamas\u0131 ad\u0131na alternatif g\u00fczergahlar belirlendi.<\/p>\n<p>Do\u011fu &#8211; Bat\u0131 \/ Bat\u0131 &#8211; Do\u011fu Y\u00f6nleri, Denizli y\u00f6n\u00fcnden \u0130zmir y\u00f6n\u00fcne gitmek isteyenler:<br \/>\n<br \/>Astim Kav\u015fa\u011f\u0131 (Denizli Ayd\u0131n Yolu) &#8211; Havaalan\u0131 Bulvar\u0131 &#8211; Afrodisyas Bulvar\u0131 &#8211; \u00c7evre Bulvar\u0131 &#8211; \u00c7ine Caddesi ya da Atat\u00fcrk Bulvar\u0131 &#8211; \u0130zmir Bulvar\u0131\u2019n\u0131 kullanacak. \u0130zmir y\u00f6n\u00fcnden Denizli y\u00f6n\u00fcne gitmek isteyenler, \u0130zmir Bulvar\u0131 &#8211; Atat\u00fcrk Bulvar\u0131 &#8211; \u00c7evre Bulvar\u0131 &#8211; Afrodisyas Bulvar\u0131 &#8211; Havaalan\u0131 Bulvar\u0131 &#8211; Astim Kav\u015fa\u011f\u0131 (Denizli Ayd\u0131n Yolu) kullanacak. G\u00fcney &#8211; Do\u011fu\/ Do\u011fu &#8211; G\u00fcney \/ G\u00fcney &#8211; Bat\u0131 \/ Bat\u0131 &#8211; G\u00fcney Y\u00f6nleri, Mu\u011fla y\u00f6n\u00fcnden Denizli y\u00f6n\u00fcne gitmek isteyenler: Mu\u011fla Bulvar\u0131 &#8211; \u00c7evre Bulvar\u0131 &#8211; Afrodisyas Bulvar\u0131 &#8211; Havaalan\u0131 Bulvar\u0131 &#8211; Astim Kav\u015fa\u011f\u0131 (Denizli Ayd\u0131n Yolu) kullanacak. Denizli y\u00f6n\u00fcnden Mu\u011fla y\u00f6n\u00fcne gitmek isteyenler, Astim Kav\u015fa\u011f\u0131 (Denizli Ayd\u0131n Yolu) &#8211; Havaalan\u0131 Bulvar\u0131 &#8211; Afrodisyas Bulvar\u0131 &#8211; \u00c7evre Bulvar\u0131 &#8211; Mu\u011fla Bulvar\u0131 kullanacak. Mu\u011fla y\u00f6n\u00fcnden \u0130zmir y\u00f6n\u00fcne gitmek isteyenler, Mu\u011fla Bulvar\u0131 &#8211; \u00c7evre Bulvar\u0131 ya da Bat\u0131 Ayd\u0131n Bulvar\u0131 &#8211; \u00c7ine Caddesi ya da Atat\u00fcrk Bulvar\u0131 &#8211; \u0130zmir Bulvar\u0131\u2019n\u0131 kullanacak. \u0130zmir y\u00f6n\u00fcnden Mu\u011fla y\u00f6n\u00fcne gitmek isteyenler, \u0130zmir Bulvar\u0131 &#8211; Atat\u00fcrk Bulvar\u0131 &#8211; \u00c7evre Bulvar\u0131 &#8211; Mu\u011fla Bulvar\u0131\u2019n\u0131 kullanacak. G\u00fcney &#8211; Kuzey \/ Kuzey &#8211; G\u00fcney Y\u00f6nleri, Kuzey y\u00f6n\u00fcnden \u0130zmir ve Denizli bulvarlar\u0131n\u0131n g\u00fcneyine ge\u00e7mek isteyenler: Adnan Menderes Bulvar\u0131\u2019n\u0131n S\u00fcleyman Seba Caddesi ile Albay \u015eefik Caddesi kesi\u015fiminden itibaren kapal\u0131 olmas\u0131 nedeniyle Atat\u00fcrk Bulvar\u0131, Sa\u011fl\u0131k Caddesi, Egemenlik Bulvar\u0131 ve Sanayi Caddesi g\u00fczergahlar\u0131n\u0131 kullanabilecekler. G\u00fcney y\u00f6n\u00fcnden \u0130zmir ve Denizli bulvarlar\u0131n\u0131n kuzeyine ge\u00e7mek isteyenler: Yeni D\u00f6rtyol Kav\u015fa\u011f\u0131 ile \u0130mam Hatip Kav\u015fa\u011f\u0131 aras\u0131 kapal\u0131 olaca\u011f\u0131ndan Tepecik Bulvar\u0131, Egemenlik Bulvar\u0131, 522 Sokak, Mehmet Akif Caddesi, \u00c7ine Caddesi ve Atat\u00fcrk Bulvar\u0131 g\u00fczergahlar\u0131n\u0131 kullanabilecekler.<br \/><\/p>\n","protected":false},"excerpt":{"rendered":"<p>Ayd\u0131n B\u00fcy\u00fck\u015fehir Belediye Ba\u015fkan\u0131 \u00d6zlem \u00c7er\u00e7io\u011flu\u2019nun s\u00f6z verdi\u011fi, Ayd\u0131n\u2019a kazand\u0131r\u0131lacak olan Yeni D\u00f6rtyol K\u00f6pr\u00fcl\u00fc Kav\u015fa\u011f\u0131 projesinde yap\u0131m \u00e7al\u0131\u015fmalar\u0131 ba\u015fl\u0131yor. \u00c7al\u0131\u015fmalar kapsam\u0131nda 27 \u015eubat Cuma g\u00fcn\u00fc saat 23.00 itibariyle Yeni D\u00f6rtyol Kav\u015fa\u011f\u0131 ve ba\u011flant\u0131 yollar\u0131nda trafik ak\u0131\u015f\u0131 ge\u00e7ici olarak durdurulacak. B\u00fcy\u00fck\u015fehir Belediyesi ekipleri, \u00e7al\u0131\u015fmalar\u0131n planlanan takvim do\u011frultusunda ve en k\u0131sa s\u00fcrede tamamlanmas\u0131 i\u00e7in sahada yo\u011fun mesai&#8230;<\/p>\n","protected":false},"author":1,"featured_media":90547,"comment_status":"open","ping_status":"open","sticky":false,"template":"","format":"standard","meta":{"_crdt_document":"","footnotes":""},"categories":[1],"tags":[],"class_list":["post-90546","post","type-post","status-publish","format-standard","has-post-thumbnail","hentry","category-guncel"],"_links":{"self":[{"href":"https:\/\/www.egemtv.com\/index.php?rest_route=\/wp\/v2\/posts\/90546","targetHints":{"allow":["GET"]}}],"collection":[{"href":"https:\/\/www.egemtv.com\/index.php?rest_route=\/wp\/v2\/posts"}],"about":[{"href":"https:\/\/www.egemtv.com\/index.php?rest_route=\/wp\/v2\/types\/post"}],"author":[{"embeddable":true,"href":"https:\/\/www.egemtv.com\/index.php?rest_route=\/wp\/v2\/users\/1"}],"replies":[{"embeddable":true,"href":"https:\/\/www.egemtv.com\/index.php?rest_route=%2Fwp%2Fv2%2Fcomments&post=90546"}],"version-history":[{"count":1,"href":"https:\/\/www.egemtv.com\/index.php?rest_route=\/wp\/v2\/posts\/90546\/revisions"}],"predecessor-version":[{"id":90548,"href":"https:\/\/www.egemtv.com\/index.php?rest_route=\/wp\/v2\/posts\/90546\/revisions\/90548"}],"wp:featuredmedia":[{"embeddable":true,"href":"https:\/\/www.egemtv.com\/index.php?rest_route=\/wp\/v2\/media\/90547"}],"wp:attachment":[{"href":"https:\/\/www.egemtv.com\/index.php?rest_route=%2Fwp%2Fv2%2Fmedia&parent=90546"}],"wp:term":[{"taxonomy":"category","embeddable":true,"href":"https:\/\/www.egemtv.com\/index.php?rest_route=%2Fwp%2Fv2%2Fcategories&post=90546"},{"taxonomy":"post_tag","embeddable":true,"href":"https:\/\/www.egemtv.com\/index.php?rest_route=%2Fwp%2Fv2%2Ftags&post=90546"}],"curies":[{"name":"wp","href":"https:\/\/api.w.org\/{rel}","templated":true}]}}