{"id":90543,"date":"2026-02-26T11:15:45","date_gmt":"2026-02-26T08:15:45","guid":{"rendered":"https:\/\/www.egemtv.com\/?p=90543"},"modified":"2026-02-26T11:15:46","modified_gmt":"2026-02-26T08:15:46","slug":"vali-musa-isin-engelli-vatandas-ismet-oksuze-yeni-engelli-aracini-takdim-etti","status":"publish","type":"post","link":"https:\/\/www.egemtv.com\/?p=90543","title":{"rendered":"Vali Musa I\u015f\u0131n, engelli vatanda\u015f \u0130smet \u00d6ks\u00fcz\u2019e yeni engelli arac\u0131n\u0131 takdim etti"},"content":{"rendered":"<p>K\u00fctahya Valisi Musa I\u015f\u0131n, engelli vatanda\u015f \u0130smet \u00d6ks\u00fcz ve ailesini valilik makam\u0131nda kabul ederek, talebi do\u011frultusunda temin edilen yeni engelli arac\u0131n\u0131 kendisine teslim etti.<br \/>\n<br \/>Ger\u00e7ekle\u015ftirilen kabulde, \u00f6nceki ziyaretinde kulland\u0131\u011f\u0131 engelli arac\u0131n\u0131n eskidi\u011fini belirterek, yenilenmesini talep eden \u0130smet \u00d6ks\u00fcz\u2019\u00fcn iste\u011fine kay\u0131ts\u0131z kalmayan Vali I\u015f\u0131n\u2019\u0131n talimatlar\u0131 do\u011frultusunda temin edilen yeni engelli arac\u0131 kendisine takdim edildi.<br \/>\n<br \/>Vali I\u015f\u0131n, engelli bireylere y\u00f6nelik bu t\u00fcr desteklerin g\u00fcnl\u00fck ya\u015fam\u0131 kolayla\u015ft\u0131rmas\u0131 ve hayat kalitesinin art\u0131r\u0131lmas\u0131 a\u00e7\u0131s\u0131ndan b\u00fcy\u00fck \u00f6nem ta\u015f\u0131d\u0131\u011f\u0131n\u0131 vurgulayarak, &#8220;Engelli vatanda\u015flar\u0131m\u0131z\u0131n yan\u0131nda olmaya devam edece\u011fiz&#8221; ifadelerini kulland\u0131.<br \/><\/p>\n","protected":false},"excerpt":{"rendered":"<p>K\u00fctahya Valisi Musa I\u015f\u0131n, engelli vatanda\u015f \u0130smet \u00d6ks\u00fcz ve ailesini valilik makam\u0131nda kabul ederek, talebi do\u011frultusunda temin edilen yeni engelli arac\u0131n\u0131 kendisine teslim etti. Ger\u00e7ekle\u015ftirilen kabulde, \u00f6nceki ziyaretinde kulland\u0131\u011f\u0131 engelli arac\u0131n\u0131n eskidi\u011fini belirterek, yenilenmesini talep eden \u0130smet \u00d6ks\u00fcz\u2019\u00fcn iste\u011fine kay\u0131ts\u0131z kalmayan Vali I\u015f\u0131n\u2019\u0131n talimatlar\u0131 do\u011frultusunda temin edilen yeni engelli arac\u0131 kendisine takdim edildi. Vali I\u015f\u0131n,&#8230;<\/p>\n","protected":false},"author":1,"featured_media":90544,"comment_status":"open","ping_status":"open","sticky":false,"template":"","format":"standard","meta":{"_crdt_document":"","footnotes":""},"categories":[123],"tags":[],"class_list":["post-90543","post","type-post","status-publish","format-standard","has-post-thumbnail","hentry","category-gundem"],"_links":{"self":[{"href":"https:\/\/www.egemtv.com\/index.php?rest_route=\/wp\/v2\/posts\/90543","targetHints":{"allow":["GET"]}}],"collection":[{"href":"https:\/\/www.egemtv.com\/index.php?rest_route=\/wp\/v2\/posts"}],"about":[{"href":"https:\/\/www.egemtv.com\/index.php?rest_route=\/wp\/v2\/types\/post"}],"author":[{"embeddable":true,"href":"https:\/\/www.egemtv.com\/index.php?rest_route=\/wp\/v2\/users\/1"}],"replies":[{"embeddable":true,"href":"https:\/\/www.egemtv.com\/index.php?rest_route=%2Fwp%2Fv2%2Fcomments&post=90543"}],"version-history":[{"count":1,"href":"https:\/\/www.egemtv.com\/index.php?rest_route=\/wp\/v2\/posts\/90543\/revisions"}],"predecessor-version":[{"id":90545,"href":"https:\/\/www.egemtv.com\/index.php?rest_route=\/wp\/v2\/posts\/90543\/revisions\/90545"}],"wp:featuredmedia":[{"embeddable":true,"href":"https:\/\/www.egemtv.com\/index.php?rest_route=\/wp\/v2\/media\/90544"}],"wp:attachment":[{"href":"https:\/\/www.egemtv.com\/index.php?rest_route=%2Fwp%2Fv2%2Fmedia&parent=90543"}],"wp:term":[{"taxonomy":"category","embeddable":true,"href":"https:\/\/www.egemtv.com\/index.php?rest_route=%2Fwp%2Fv2%2Fcategories&post=90543"},{"taxonomy":"post_tag","embeddable":true,"href":"https:\/\/www.egemtv.com\/index.php?rest_route=%2Fwp%2Fv2%2Ftags&post=90543"}],"curies":[{"name":"wp","href":"https:\/\/api.w.org\/{rel}","templated":true}]}}