{"id":90540,"date":"2026-02-26T11:15:44","date_gmt":"2026-02-26T08:15:44","guid":{"rendered":"https:\/\/www.egemtv.com\/?p=90540"},"modified":"2026-02-26T11:15:45","modified_gmt":"2026-02-26T08:15:45","slug":"ispartada-hatimle-teravihe-yogun-akin-15-camide-her-gece-bir-cuz-okunuyor","status":"publish","type":"post","link":"https:\/\/www.egemtv.com\/?p=90540","title":{"rendered":"Isparta\u2019da hatimle teravihe yo\u011fun ak\u0131n: 15 camide her gece bir c\u00fcz okunuyor"},"content":{"rendered":"<p>Isparta\u2019da Ramazan ay\u0131nda imamlar\u0131n her gece bir c\u00fcz okudu\u011fu ve ortalama 90 dakika s\u00fcren hatimli teravihler vatanda\u015flarca yo\u011fun ilgi g\u00f6r\u00fcyor. Hatimle teravih hakk\u0131nda bilgi veren imam Suat Sar\u0131ca, &#8220;Hatimle teravih, Ramazan ay\u0131nda Kur\u2019an\u2019\u0131 ba\u015ftan sona cemaatle birlikte ayn\u0131 hu\u015fu i\u00e7inde dinleme ve tamamlama f\u0131rsat\u0131 sunuyor. Cemaatin bu kat\u0131l\u0131m\u0131 bizleri de \u00e7ok mutlu ediyor&#8221; dedi.<br \/>\n<br \/>Isparta\u2019da Ramazan ay\u0131, bu y\u0131l da hatimle k\u0131l\u0131nan teravih namazlar\u0131yla ayr\u0131 bir manevi derinlik kazan\u0131yor. Kent genelinde 15 farkl\u0131 camide uygulanan hatimle teravih namazlar\u0131nda, imamlar her gece bir c\u00fcz Kur\u2019an-\u0131 Kerim okuyarak 29 g\u00fcn\u00fcn sonunda cemaatle birlikte hatim indiriyor. Normal teravih namazlar\u0131na g\u00f6re daha uzun s\u00fcren ve ortalama 90 dakika devam eden hatimli teravihlere \u00f6zellikle gen\u00e7lerin ve ailelerin ilgisinin artt\u0131\u011f\u0131 g\u00f6zlemleniyor. Vatanda\u015flar, Kur\u2019an-\u0131 Kerim\u2019i ba\u015ftan sona dinleme imk\u00e2n\u0131 bulduklar\u0131 bu namazlar\u0131n Ramazan\u2019\u0131n ruhunu daha g\u00fc\u00e7l\u00fc hissettirdi\u011fini ifade ediyor.<\/p>\n<p>Be\u015f as\u0131rd\u0131r ibadete a\u00e7\u0131k tarihi miras<br \/>\n<br \/>Bu camiler aras\u0131nda, \u00dcz\u00fcm Pazar\u0131 civar\u0131nda bulunan ve Isparta\u2019n\u0131n en eski ibadethanelerinden biri olan tarihi Firdevs Bey Camii de yer al\u0131yor. Kanuni Sultan S\u00fcleyman d\u00f6neminde, 1561 y\u0131l\u0131nda Firdevs Pa\u015fa taraf\u0131ndan Mimar Sinan \u00fcslubunda yapt\u0131r\u0131lan cami, tek kubbeli yap\u0131s\u0131 ve be\u015f kubbeli son cemaat yeriyle dikkat \u00e7ekiyor. 1565 tarihli vakfiyesi bulunan ve kaynaklarda ad\u0131 ge\u00e7en eser, Mimar Sinan yap\u0131lar\u0131 aras\u0131nda de\u011ferlendiriliyor. As\u0131rlard\u0131r ibadete a\u00e7\u0131k olan camide hatimle teravih k\u0131l\u0131nmas\u0131, cemaate hem tarihi hem de manevi bir atmosfer sunuyor. Namaz\u0131n ard\u0131ndan cami avlular\u0131nda \u00e7ay ve salep ikram\u0131 yap\u0131l\u0131rken, cemaat hem ibadetini tamamlaman\u0131n huzurunu ya\u015f\u0131yor hem de Ramazan\u2019\u0131n birlik ve beraberlik ruhunu payla\u015f\u0131yor.<\/p>\n<p>&#8220;Ramazan\u2019\u0131n manevi iklimini hatimle ya\u015f\u0131yoruz&#8221;<br \/>\n<br \/>Mimar Sinan Camii\u2019nde hatimle teravih namaz\u0131 k\u0131ld\u0131klar\u0131n\u0131 belirten M\u00fcstahattin Can Sel\u00e7uk, Ramazan ay\u0131n\u0131n t\u00fcm \u0130slam alemine hay\u0131rlar getirmesini temenni ederek, &#8220;M\u00fcbarek Ramazan ay\u0131nday\u0131z. Ramazan ay\u0131m\u0131z t\u00fcm M\u00fcsl\u00fcmanlara, t\u00fcm \u0130slam alemine m\u00fcbarek olsun. \u015eu anda Isparta Mimar Sinan Camii\u2019nde hatimli teravih namaz\u0131 k\u0131l\u0131yoruz. Rabbim kabul eylesin. Kadir Gecesi\u2019ne ve Ramazan Bayram\u0131\u2019na ula\u015fmay\u0131 nasip eylesin&#8221; dedi.<\/p>\n<p>&#8220;29 g\u00fcnde hatim co\u015fkusu cemaatle birlikte tamamlan\u0131yor&#8221;<br \/>\n<br \/>M\u00fcft\u00fcl\u00fc\u011f\u00fcn a\u00e7\u0131klad\u0131\u011f\u0131 15 camide hatimle teravih namaz\u0131 k\u0131l\u0131nd\u0131\u011f\u0131n\u0131 bildi\u011fini ifade eden Sel\u00e7uk, &#8220;Hatimli teravihte her g\u00fcn bir c\u00fcz okunuyor. 29 g\u00fcn boyunca birer c\u00fcz okunarak Kur\u2019an-\u0131 Kerim tamamlan\u0131yor. Son c\u00fcz de imamlar\u0131m\u0131z taraf\u0131ndan son rekatta tamamlan\u0131yor. Cemaat olarak hep birlikte hatim indiriyoruz&#8221; diye konu\u015ftu. Haf\u0131zlara da te\u015fekk\u00fcr eden Sel\u00e7uk, &#8220;Kur\u2019an-\u0131 Kerim 600 sayfa ve ba\u015ftan sona okunuyor. Haf\u0131zlar\u0131m\u0131za emekleri i\u00e7in \u00e7ok te\u015fekk\u00fcr ediyoruz. Y\u00fcreklerine, dillerine sa\u011fl\u0131k. Ben d\u00f6rt y\u0131ld\u0131r hatimli teravih namaz\u0131na kat\u0131l\u0131yorum. Daha \u00f6nce kat\u0131lmam\u0131\u015ft\u0131m ancak son d\u00f6rt y\u0131ld\u0131r d\u00fczenli olarak geliyorum. Rabbim kabul eylesin&#8221; ifadelerini kulland\u0131.<\/p>\n<p>Isparta\u2019da 465 y\u0131ll\u0131k tarihi camide hatimle teravih co\u015fkusu<br \/>\n<br \/>Mimar Sinan Camii\u2019nde uzman imam hatip olarak g\u00f6rev yapan Suat Sar\u0131ca, caminin tarihini \u015fu s\u00f6zlerle anlatt\u0131:<br \/>\n<br \/>&#8220;Camimizin ad\u0131 Mimar Sinan Camii olmakla birlikte bir di\u011fer ad\u0131 da Firdevs Bey Camii\u2019dir. Tarih\u00e7esine bakt\u0131\u011f\u0131m\u0131zda Osmanl\u0131 d\u00f6neminde, Kanuni Sultan S\u00fcleyman zaman\u0131nda, d\u00f6nemin Isparta Valisi Firdevs Bey taraf\u0131ndan Mimar Sinan \u00fcslubuyla yapt\u0131r\u0131lm\u0131\u015ft\u0131r. Camimizin d\u00f6rt taraf\u0131nda iki\u015fer pencere, kubbe b\u00f6l\u00fcm\u00fcnde ise sekiz pencere bulunarak do\u011fal ayd\u0131nlatma sa\u011flanmaktad\u0131r. Mimar Sinan eserleri aras\u0131nda zikredilen camimiz, 4 Ekim 1914 tarihinde meydana gelen depremde k\u00fc\u00e7\u00fck hasarlarla ayakta kalm\u0131\u015f, bir\u00e7ok bina y\u0131k\u0131l\u0131rken b\u00fcy\u00fck zarar g\u00f6rmemi\u015ftir. 1921 y\u0131l\u0131nda yap\u0131lan tadilat ve tamiratla hasarlar giderilmi\u015f ve 465 y\u0131ld\u0131r ibadete a\u00e7\u0131k \u015fekilde hizmet vermeye devam etmektedir.&#8221;<\/p>\n<p>Tarihi miras ve mimari \u00f6zellikleri<br \/>\n<br \/>Camide uygulanan \u00f6zel ibadet programlar\u0131na de\u011finen Sar\u0131ca, &#8220;2023 y\u0131l\u0131nda Isparta\u2019da ilk kez burada Enderun usul\u00fc teravih namaz\u0131 k\u0131l\u0131nm\u0131\u015ft\u0131r. 2024 y\u0131l\u0131nda ise hem Enderun usul\u00fc hem de hatimle teravih uygulamas\u0131 birlikte ger\u00e7ekle\u015ftirilmi\u015ftir. Bu y\u0131l da hatimle teravih namaz\u0131 camimizde devam etmektedir. Ayr\u0131ca m\u00fcbarek g\u00fcn ve gecelerde sakal-\u0131 \u015ferif ziyaretleri ile \u00f6\u011fle namaz\u0131 sonras\u0131 ziyaretler ger\u00e7ekle\u015ftirilmektedir&#8221; diye konu\u015ftu.<\/p>\n<p>Hatimle teravihin manevi anlam\u0131<br \/>\n<br \/>Hatim uygulamas\u0131n\u0131 a\u00e7\u0131klayan Sar\u0131ca, &#8220;Hatim, Kur\u2019an-\u0131 Kerim\u2019in ba\u015ftan sona okunmas\u0131 ve dinlenmesi anlam\u0131na gelir. Ramazan ay\u0131 Kur\u2019an ay\u0131d\u0131r. 29 ya da 30 g\u00fcn boyunca her g\u00fcn bir c\u00fcz okunarak Kur\u2019an\u2019\u0131n tamam\u0131 hatmedilir. Hatim mukabele ile yap\u0131ld\u0131\u011f\u0131 gibi teravih namaz\u0131nda da okunarak hatimle teravih icra edilir. Hatimle teravih her camide uygulanmamaktad\u0131r. Uygulanmayan camilerde ise cemaatin ezberleyebilece\u011fi k\u0131sa sureler ve farkl\u0131 ayetlerle namaz k\u0131ld\u0131r\u0131lmaktad\u0131r. \u00d6nemli olan hem hatimli hem de hatimsiz, Peygamber Efendimiz\u2019in (S.A.S.) k\u0131ld\u0131\u011f\u0131 gibi usul\u00fcne uygun ve hu\u015fu i\u00e7inde ibadetin yerine getirilmesidir&#8221; ifadelerini kulland\u0131. Sar\u0131ca son olarak, &#8220;Ramazan\u2019da esas olan yaln\u0131zca hatim de\u011fil, ibadetin ruhunu hissederek namaz\u0131 hu\u015fu i\u00e7inde k\u0131lmakt\u0131r. Cemaat a\u00e7\u0131s\u0131ndan sakin ve manevi atmosferin yo\u011fun oldu\u011fu bir ortamda ibadet etmek b\u00fcy\u00fck \u00f6nem ta\u015f\u0131maktad\u0131r&#8221; dedi.<br \/>\n<br \/>Hatimle teravih namazlar\u0131n\u0131n Ramazan ay\u0131 boyunca devam edece\u011fi bildirildi.<br \/><\/p>\n","protected":false},"excerpt":{"rendered":"<p>Isparta\u2019da Ramazan ay\u0131nda imamlar\u0131n her gece bir c\u00fcz okudu\u011fu ve ortalama 90 dakika s\u00fcren hatimli teravihler vatanda\u015flarca yo\u011fun ilgi g\u00f6r\u00fcyor. Hatimle teravih hakk\u0131nda bilgi veren imam Suat Sar\u0131ca, &#8220;Hatimle teravih, Ramazan ay\u0131nda Kur\u2019an\u2019\u0131 ba\u015ftan sona cemaatle birlikte ayn\u0131 hu\u015fu i\u00e7inde dinleme ve tamamlama f\u0131rsat\u0131 sunuyor. Cemaatin bu kat\u0131l\u0131m\u0131 bizleri de \u00e7ok mutlu ediyor&#8221; dedi. Isparta\u2019da&#8230;<\/p>\n","protected":false},"author":1,"featured_media":90541,"comment_status":"open","ping_status":"open","sticky":false,"template":"","format":"standard","meta":{"_crdt_document":"","footnotes":""},"categories":[1],"tags":[],"class_list":["post-90540","post","type-post","status-publish","format-standard","has-post-thumbnail","hentry","category-guncel"],"_links":{"self":[{"href":"https:\/\/www.egemtv.com\/index.php?rest_route=\/wp\/v2\/posts\/90540","targetHints":{"allow":["GET"]}}],"collection":[{"href":"https:\/\/www.egemtv.com\/index.php?rest_route=\/wp\/v2\/posts"}],"about":[{"href":"https:\/\/www.egemtv.com\/index.php?rest_route=\/wp\/v2\/types\/post"}],"author":[{"embeddable":true,"href":"https:\/\/www.egemtv.com\/index.php?rest_route=\/wp\/v2\/users\/1"}],"replies":[{"embeddable":true,"href":"https:\/\/www.egemtv.com\/index.php?rest_route=%2Fwp%2Fv2%2Fcomments&post=90540"}],"version-history":[{"count":1,"href":"https:\/\/www.egemtv.com\/index.php?rest_route=\/wp\/v2\/posts\/90540\/revisions"}],"predecessor-version":[{"id":90542,"href":"https:\/\/www.egemtv.com\/index.php?rest_route=\/wp\/v2\/posts\/90540\/revisions\/90542"}],"wp:featuredmedia":[{"embeddable":true,"href":"https:\/\/www.egemtv.com\/index.php?rest_route=\/wp\/v2\/media\/90541"}],"wp:attachment":[{"href":"https:\/\/www.egemtv.com\/index.php?rest_route=%2Fwp%2Fv2%2Fmedia&parent=90540"}],"wp:term":[{"taxonomy":"category","embeddable":true,"href":"https:\/\/www.egemtv.com\/index.php?rest_route=%2Fwp%2Fv2%2Fcategories&post=90540"},{"taxonomy":"post_tag","embeddable":true,"href":"https:\/\/www.egemtv.com\/index.php?rest_route=%2Fwp%2Fv2%2Ftags&post=90540"}],"curies":[{"name":"wp","href":"https:\/\/api.w.org\/{rel}","templated":true}]}}