{"id":90537,"date":"2026-02-26T11:15:43","date_gmt":"2026-02-26T08:15:43","guid":{"rendered":"https:\/\/www.egemtv.com\/?p=90537"},"modified":"2026-02-26T11:15:44","modified_gmt":"2026-02-26T08:15:44","slug":"kutahyada-okulda-nezaket-hareketi-resim-yarismasi-odul-toreni-duzenlendi","status":"publish","type":"post","link":"https:\/\/www.egemtv.com\/?p=90537","title":{"rendered":"K\u00fctahya\u2019da &#8220;Okulda Nezaket Hareketi&#8221; Resim Yar\u0131\u015fmas\u0131 \u00d6d\u00fcl T\u00f6reni d\u00fczenlendi"},"content":{"rendered":"<p>K\u00fctahya \u0130l Milli E\u011fitim M\u00fcd\u00fcrl\u00fc\u011f\u00fc taraf\u0131ndan, 43 Ad\u0131m Projesi kapsam\u0131nda y\u00fcr\u00fct\u00fclen &#8220;Okulda Nezaket Hareketi&#8221; etkinlikleri \u00e7er\u00e7evesinde d\u00fczenlenen resim yar\u0131\u015fmas\u0131nda dereceye giren \u00f6\u011frencilere \u00f6d\u00fclleri takdim edildi.<br \/>\n<br \/>\u00d6d\u00fcl t\u00f6reni, M\u00fcd\u00fcrl\u00fc\u011f\u00fcn Maarif Salonu\u2019nda ger\u00e7ekle\u015ftirildi; \u00f6\u011frenciler, \u00f6\u011fretmenler ve aileler programa kat\u0131ld\u0131. Programda konu\u015fan \u0130l Milli E\u011fitim M\u00fcd\u00fcr\u00fc Mustafa Y\u0131lmaz, nezaketin, sayg\u0131n\u0131n ve zarafetin milletimizin k\u00f6kl\u00fc de\u011ferleri aras\u0131nda yer ald\u0131\u011f\u0131n\u0131 vurgulad\u0131. Y\u0131lmaz, \u00e7ocuklar\u0131n empati, ho\u015fg\u00f6r\u00fc ve yard\u0131mseverlik gibi de\u011ferleri dahile\u015ftirerek yeti\u015fmelerinin \u00f6nemine dikkat \u00e7ekerek, gen\u00e7lerin i\u00e7indeki iyilik ve sevgi \u0131\u015f\u0131\u011f\u0131n\u0131n canl\u0131 tutulmas\u0131n\u0131n ortak sorumluluk oldu\u011funu ifade etti.<br \/>\n<br \/>Yar\u0131\u015fmaya farkl\u0131 okul kademelerinden \u00f6\u011frenciler kat\u0131l\u0131rken, gen\u00e7ler sanat yoluyla nezaket k\u00fclt\u00fcr\u00fcn\u00fc yans\u0131tt\u0131. Programda dereceye giren \u00f6\u011frencilere \u00f6d\u00fclleri takdim edildi.<br \/>\n<br \/>\u0130l Milli E\u011fitim M\u00fcd\u00fcrl\u00fc\u011f\u00fc, 43 Ad\u0131m Projesi kapsam\u0131nda d\u00fczenlenen bu t\u00fcr etkinliklerle \u00f6\u011frencilerin yaln\u0131zca akademik ba\u015far\u0131lar\u0131n\u0131 de\u011fil, ayn\u0131 zamanda de\u011ferler e\u011fitimiyle desteklenen sosyal ve ahlaki geli\u015fimlerini g\u00fc\u00e7lendirmeyi hedefliyor.<br \/><\/p>\n","protected":false},"excerpt":{"rendered":"<p>K\u00fctahya \u0130l Milli E\u011fitim M\u00fcd\u00fcrl\u00fc\u011f\u00fc taraf\u0131ndan, 43 Ad\u0131m Projesi kapsam\u0131nda y\u00fcr\u00fct\u00fclen &#8220;Okulda Nezaket Hareketi&#8221; etkinlikleri \u00e7er\u00e7evesinde d\u00fczenlenen resim yar\u0131\u015fmas\u0131nda dereceye giren \u00f6\u011frencilere \u00f6d\u00fclleri takdim edildi. \u00d6d\u00fcl t\u00f6reni, M\u00fcd\u00fcrl\u00fc\u011f\u00fcn Maarif Salonu\u2019nda ger\u00e7ekle\u015ftirildi; \u00f6\u011frenciler, \u00f6\u011fretmenler ve aileler programa kat\u0131ld\u0131. Programda konu\u015fan \u0130l Milli E\u011fitim M\u00fcd\u00fcr\u00fc Mustafa Y\u0131lmaz, nezaketin, sayg\u0131n\u0131n ve zarafetin milletimizin k\u00f6kl\u00fc de\u011ferleri aras\u0131nda yer ald\u0131\u011f\u0131n\u0131&#8230;<\/p>\n","protected":false},"author":1,"featured_media":90538,"comment_status":"open","ping_status":"open","sticky":false,"template":"","format":"standard","meta":{"_crdt_document":"","footnotes":""},"categories":[1],"tags":[],"class_list":["post-90537","post","type-post","status-publish","format-standard","has-post-thumbnail","hentry","category-guncel"],"_links":{"self":[{"href":"https:\/\/www.egemtv.com\/index.php?rest_route=\/wp\/v2\/posts\/90537","targetHints":{"allow":["GET"]}}],"collection":[{"href":"https:\/\/www.egemtv.com\/index.php?rest_route=\/wp\/v2\/posts"}],"about":[{"href":"https:\/\/www.egemtv.com\/index.php?rest_route=\/wp\/v2\/types\/post"}],"author":[{"embeddable":true,"href":"https:\/\/www.egemtv.com\/index.php?rest_route=\/wp\/v2\/users\/1"}],"replies":[{"embeddable":true,"href":"https:\/\/www.egemtv.com\/index.php?rest_route=%2Fwp%2Fv2%2Fcomments&post=90537"}],"version-history":[{"count":1,"href":"https:\/\/www.egemtv.com\/index.php?rest_route=\/wp\/v2\/posts\/90537\/revisions"}],"predecessor-version":[{"id":90539,"href":"https:\/\/www.egemtv.com\/index.php?rest_route=\/wp\/v2\/posts\/90537\/revisions\/90539"}],"wp:featuredmedia":[{"embeddable":true,"href":"https:\/\/www.egemtv.com\/index.php?rest_route=\/wp\/v2\/media\/90538"}],"wp:attachment":[{"href":"https:\/\/www.egemtv.com\/index.php?rest_route=%2Fwp%2Fv2%2Fmedia&parent=90537"}],"wp:term":[{"taxonomy":"category","embeddable":true,"href":"https:\/\/www.egemtv.com\/index.php?rest_route=%2Fwp%2Fv2%2Fcategories&post=90537"},{"taxonomy":"post_tag","embeddable":true,"href":"https:\/\/www.egemtv.com\/index.php?rest_route=%2Fwp%2Fv2%2Ftags&post=90537"}],"curies":[{"name":"wp","href":"https:\/\/api.w.org\/{rel}","templated":true}]}}