{"id":90534,"date":"2026-02-26T11:15:42","date_gmt":"2026-02-26T08:15:42","guid":{"rendered":"https:\/\/www.egemtv.com\/?p=90534"},"modified":"2026-02-26T11:15:43","modified_gmt":"2026-02-26T08:15:43","slug":"bozdogan-belediyesinden-ramazan-denetimi","status":"publish","type":"post","link":"https:\/\/www.egemtv.com\/?p=90534","title":{"rendered":"Bozdo\u011fan Belediyesi\u2019nden Ramazan denetimi"},"content":{"rendered":"<p>Bozdo\u011fan Belediyesi Zab\u0131ta M\u00fcd\u00fcrl\u00fc\u011f\u00fc ekipleri, Ramazan ay\u0131 dolay\u0131s\u0131yla il\u00e7e genelinde denetimlerini art\u0131rd\u0131. Vatanda\u015flar\u0131n sa\u011fl\u0131kl\u0131, g\u00fcvenli ve kurallara uygun hizmet alabilmesi amac\u0131yla marketler ve f\u0131r\u0131nlarda kapsaml\u0131 kontroller ger\u00e7ekle\u015ftirildi.<br \/>\n<br \/>Denetimlerde hijyen \u015fartlar\u0131, \u00fcr\u00fcn gramajlar\u0131, fiyat etiketi uygulamalar\u0131 ve son kullanma tarihleri titizlikle incelendi. \u00d6zellikle Ramazan ay\u0131nda t\u00fcketimi artan ekmek ve pide \u00fcretimlerinde mevzuata uygunluk hassasiyetle kontrol edildi. Kurallara ayk\u0131r\u0131 uygulamalara kar\u015f\u0131 gerekli uyar\u0131 ve i\u015flemler yap\u0131ld\u0131.<br \/>\n<br \/>Bozdo\u011fan Belediye Ba\u015fkan\u0131 Mustafa Galip \u00d6zel, konuya ili\u015fkin yapt\u0131\u011f\u0131 a\u00e7\u0131klamada denetimlerin amac\u0131n\u0131n cezaland\u0131rmak de\u011fil, d\u00fczeni ve g\u00fcveni sa\u011flamak oldu\u011funu vurgulad\u0131.<br \/>\n<br \/>Ba\u015fkan \u00d6zel a\u00e7\u0131klamas\u0131nda \u015fu ifadeleri kulland\u0131:<br \/>\n<br \/>&#8220;Ramazan ay\u0131 birlik, bereket ve payla\u015fma ay\u0131d\u0131r. Bu m\u00fcbarek ayda vatanda\u015flar\u0131m\u0131z\u0131n g\u00f6n\u00fcl rahatl\u0131\u011f\u0131yla al\u0131\u015fveri\u015f yapabilmesi bizim \u00f6nceli\u011fimizdir. Hem esnaf\u0131m\u0131z\u0131n eme\u011fini korumak hem de halk sa\u011fl\u0131\u011f\u0131n\u0131 g\u00fcvence alt\u0131na almak ad\u0131na denetimlerimizi art\u0131rd\u0131k. Kurallara uyan t\u00fcm esnaf\u0131m\u0131za te\u015fekk\u00fcr ediyor, denetimlerimizin Ramazan boyunca kararl\u0131l\u0131kla s\u00fcrece\u011fini kamuoyuna bildiriyorum&#8221;<br \/><\/p>\n","protected":false},"excerpt":{"rendered":"<p>Bozdo\u011fan Belediyesi Zab\u0131ta M\u00fcd\u00fcrl\u00fc\u011f\u00fc ekipleri, Ramazan ay\u0131 dolay\u0131s\u0131yla il\u00e7e genelinde denetimlerini art\u0131rd\u0131. Vatanda\u015flar\u0131n sa\u011fl\u0131kl\u0131, g\u00fcvenli ve kurallara uygun hizmet alabilmesi amac\u0131yla marketler ve f\u0131r\u0131nlarda kapsaml\u0131 kontroller ger\u00e7ekle\u015ftirildi. Denetimlerde hijyen \u015fartlar\u0131, \u00fcr\u00fcn gramajlar\u0131, fiyat etiketi uygulamalar\u0131 ve son kullanma tarihleri titizlikle incelendi. \u00d6zellikle Ramazan ay\u0131nda t\u00fcketimi artan ekmek ve pide \u00fcretimlerinde mevzuata uygunluk hassasiyetle kontrol edildi&#8230;.<\/p>\n","protected":false},"author":1,"featured_media":90535,"comment_status":"open","ping_status":"open","sticky":false,"template":"","format":"standard","meta":{"_crdt_document":"","footnotes":""},"categories":[1],"tags":[],"class_list":["post-90534","post","type-post","status-publish","format-standard","has-post-thumbnail","hentry","category-guncel"],"_links":{"self":[{"href":"https:\/\/www.egemtv.com\/index.php?rest_route=\/wp\/v2\/posts\/90534","targetHints":{"allow":["GET"]}}],"collection":[{"href":"https:\/\/www.egemtv.com\/index.php?rest_route=\/wp\/v2\/posts"}],"about":[{"href":"https:\/\/www.egemtv.com\/index.php?rest_route=\/wp\/v2\/types\/post"}],"author":[{"embeddable":true,"href":"https:\/\/www.egemtv.com\/index.php?rest_route=\/wp\/v2\/users\/1"}],"replies":[{"embeddable":true,"href":"https:\/\/www.egemtv.com\/index.php?rest_route=%2Fwp%2Fv2%2Fcomments&post=90534"}],"version-history":[{"count":1,"href":"https:\/\/www.egemtv.com\/index.php?rest_route=\/wp\/v2\/posts\/90534\/revisions"}],"predecessor-version":[{"id":90536,"href":"https:\/\/www.egemtv.com\/index.php?rest_route=\/wp\/v2\/posts\/90534\/revisions\/90536"}],"wp:featuredmedia":[{"embeddable":true,"href":"https:\/\/www.egemtv.com\/index.php?rest_route=\/wp\/v2\/media\/90535"}],"wp:attachment":[{"href":"https:\/\/www.egemtv.com\/index.php?rest_route=%2Fwp%2Fv2%2Fmedia&parent=90534"}],"wp:term":[{"taxonomy":"category","embeddable":true,"href":"https:\/\/www.egemtv.com\/index.php?rest_route=%2Fwp%2Fv2%2Fcategories&post=90534"},{"taxonomy":"post_tag","embeddable":true,"href":"https:\/\/www.egemtv.com\/index.php?rest_route=%2Fwp%2Fv2%2Ftags&post=90534"}],"curies":[{"name":"wp","href":"https:\/\/api.w.org\/{rel}","templated":true}]}}