{"id":90531,"date":"2026-02-26T10:55:27","date_gmt":"2026-02-26T07:55:27","guid":{"rendered":"https:\/\/www.egemtv.com\/?p=90531"},"modified":"2026-02-26T10:55:28","modified_gmt":"2026-02-26T07:55:28","slug":"koprulu-kavsak-calismasi-kapsaminda-minibus-guzergahlari-degisti","status":"publish","type":"post","link":"https:\/\/www.egemtv.com\/?p=90531","title":{"rendered":"K\u00f6pr\u00fcl\u00fc kav\u015fak \u00e7al\u0131\u015fmas\u0131 kapsam\u0131nda minib\u00fcs g\u00fczergahlar\u0131 de\u011fi\u015fti"},"content":{"rendered":"<p>Ayd\u0131n B\u00fcy\u00fck\u015fehir Belediyesi taraf\u0131ndan Efeler il\u00e7esinde bulunan Yeni D\u00f6rtyol Kav\u015fa\u011f\u0131\u2019nda yap\u0131lacak olan k\u00f6pr\u00fcl\u00fc kav\u015fak \u00e7al\u0131\u015fmas\u0131 nedeniyle il\u00e7eler aras\u0131 hizmet veren veren minib\u00fcslerin g\u00fczergahlar\u0131 da ge\u00e7ici olarak de\u011fi\u015ftirildi.<\/p>\n<p>Ayd\u0131n\u2019\u0131n Efeler il\u00e7esinde 27 \u015eubat Cuma gecesi itibariyle ba\u015flayacak olan Yeni D\u00f6rtyol K\u00f6pr\u00fcl\u00fc Kav\u015fa\u011f\u0131 \u00e7al\u0131\u015fmalar\u0131 nedeniyle baz\u0131 ana arterler trafi\u011fe kapanacak. Bu kapsamda \u00e7al\u0131\u015fmalar s\u00fcresince minib\u00fcs ve toplu ta\u015f\u0131ma ara\u00e7lar\u0131n\u0131n g\u00fczergahlar\u0131nda ge\u00e7ici d\u00fczenlemeye gidildi. \u0130l\u00e7eler aras\u0131 sefer yapan ve farkl\u0131 kooperatiflere ba\u011fl\u0131 minib\u00fcs hatlar\u0131 i\u00e7in alternatif g\u00fczergahlar belirlendi. Denizli Bulvar\u0131, \u0130zmir Bulvar\u0131, Atat\u00fcrk Bulvar\u0131, Do\u011fu ve Bat\u0131 \u00c7evre Bulvarlar\u0131 ile Sanayi Caddesi, Egemenlik Bulvar\u0131, Zafer Meydan\u0131 ve Mu\u011fla Bulvar\u0131 gibi ana arterler \u00fczerinden yeni y\u00f6nlendirmeler uygulanacak. De\u011fi\u015fikliklerin, k\u00f6pr\u00fcl\u00fc kav\u015fak \u00e7al\u0131\u015fmalar\u0131 tamamlan\u0131ncaya kadar ge\u00e7erli olaca\u011f\u0131 \u00f6\u011frenilirken, vatanda\u015flar\u0131n ma\u011fduriyet ya\u015famamalar\u0131 ad\u0131na g\u00fcncel g\u00fczergah bilgilerini dikkate almalar\u0131 ve trafik i\u015faret ile y\u00f6nlendirmelerine uymalar\u0131 istendi.<br \/><\/p>\n","protected":false},"excerpt":{"rendered":"<p>Ayd\u0131n B\u00fcy\u00fck\u015fehir Belediyesi taraf\u0131ndan Efeler il\u00e7esinde bulunan Yeni D\u00f6rtyol Kav\u015fa\u011f\u0131\u2019nda yap\u0131lacak olan k\u00f6pr\u00fcl\u00fc kav\u015fak \u00e7al\u0131\u015fmas\u0131 nedeniyle il\u00e7eler aras\u0131 hizmet veren veren minib\u00fcslerin g\u00fczergahlar\u0131 da ge\u00e7ici olarak de\u011fi\u015ftirildi. Ayd\u0131n\u2019\u0131n Efeler il\u00e7esinde 27 \u015eubat Cuma gecesi itibariyle ba\u015flayacak olan Yeni D\u00f6rtyol K\u00f6pr\u00fcl\u00fc Kav\u015fa\u011f\u0131 \u00e7al\u0131\u015fmalar\u0131 nedeniyle baz\u0131 ana arterler trafi\u011fe kapanacak. Bu kapsamda \u00e7al\u0131\u015fmalar s\u00fcresince minib\u00fcs ve toplu&#8230;<\/p>\n","protected":false},"author":1,"featured_media":90532,"comment_status":"open","ping_status":"open","sticky":false,"template":"","format":"standard","meta":{"_crdt_document":"","footnotes":""},"categories":[1],"tags":[],"class_list":["post-90531","post","type-post","status-publish","format-standard","has-post-thumbnail","hentry","category-guncel"],"_links":{"self":[{"href":"https:\/\/www.egemtv.com\/index.php?rest_route=\/wp\/v2\/posts\/90531","targetHints":{"allow":["GET"]}}],"collection":[{"href":"https:\/\/www.egemtv.com\/index.php?rest_route=\/wp\/v2\/posts"}],"about":[{"href":"https:\/\/www.egemtv.com\/index.php?rest_route=\/wp\/v2\/types\/post"}],"author":[{"embeddable":true,"href":"https:\/\/www.egemtv.com\/index.php?rest_route=\/wp\/v2\/users\/1"}],"replies":[{"embeddable":true,"href":"https:\/\/www.egemtv.com\/index.php?rest_route=%2Fwp%2Fv2%2Fcomments&post=90531"}],"version-history":[{"count":1,"href":"https:\/\/www.egemtv.com\/index.php?rest_route=\/wp\/v2\/posts\/90531\/revisions"}],"predecessor-version":[{"id":90533,"href":"https:\/\/www.egemtv.com\/index.php?rest_route=\/wp\/v2\/posts\/90531\/revisions\/90533"}],"wp:featuredmedia":[{"embeddable":true,"href":"https:\/\/www.egemtv.com\/index.php?rest_route=\/wp\/v2\/media\/90532"}],"wp:attachment":[{"href":"https:\/\/www.egemtv.com\/index.php?rest_route=%2Fwp%2Fv2%2Fmedia&parent=90531"}],"wp:term":[{"taxonomy":"category","embeddable":true,"href":"https:\/\/www.egemtv.com\/index.php?rest_route=%2Fwp%2Fv2%2Fcategories&post=90531"},{"taxonomy":"post_tag","embeddable":true,"href":"https:\/\/www.egemtv.com\/index.php?rest_route=%2Fwp%2Fv2%2Ftags&post=90531"}],"curies":[{"name":"wp","href":"https:\/\/api.w.org\/{rel}","templated":true}]}}