{"id":90528,"date":"2026-02-26T10:55:26","date_gmt":"2026-02-26T07:55:26","guid":{"rendered":"https:\/\/www.egemtv.com\/?p=90528"},"modified":"2026-02-26T10:55:27","modified_gmt":"2026-02-26T07:55:27","slug":"tavsanlida-geleneksel-ramazan-ayi-etkinligi","status":"publish","type":"post","link":"https:\/\/www.egemtv.com\/?p=90528","title":{"rendered":"Tav\u015fanl\u0131\u2019da \u2019Geleneksel ramazan ay\u0131\u2019 etkinli\u011fi"},"content":{"rendered":"<p>K\u00fctahya\u2019n\u0131n Tav\u015fanl\u0131 il\u00e7esinde S\u00fcleyman Y\u0131lmaz Anaokulu taraf\u0131ndan d\u00fczenlenen iftar program\u0131, velilerin yo\u011fun kat\u0131l\u0131m\u0131yla ger\u00e7ekle\u015ftirildi.<br \/>\n<br \/>\u015eenol D\u00fc\u011f\u00fcn Salonu\u2019nda d\u00fczenlenen etkinlikte, minik \u00f6\u011frenciler davul e\u015fli\u011finde geleneksel Ramazan manilerini seslendirirken, Hacivat-Karag\u00f6z g\u00f6sterisi de \u00e7ocuklara unutulmaz anlar ya\u015fatt\u0131. Programa Tav\u015fanl\u0131 \u0130l\u00e7e Milli E\u011fitim M\u00fcd\u00fcr\u00fc Ra\u015fit K\u00fc\u00e7\u00fckka\u011fn\u0131c\u0131, \u015fube m\u00fcd\u00fcrleri, okul y\u00f6netimi ve \u00e7ok say\u0131da veli kat\u0131ld\u0131.<br \/>\n<br \/>Ellerinde davullar\u0131yla sahne alan \u00f6\u011frenciler, manileriyle davetlileri kar\u015f\u0131lad\u0131. Ezan\u0131n okunmas\u0131yla birlikte dualar e\u015fli\u011finde oru\u00e7lar a\u00e7\u0131ld\u0131 ve iftar yeme\u011finin ard\u0131ndan Hacivat-Karag\u00f6z g\u00f6sterisi sunuldu. Veliler ise \u00e7ocuklar\u0131n bu co\u015fkusunu cep telefonlar\u0131yla kaydetti.<br \/>\n<br \/>Etkinlikte konu\u015fma yapan \u0130l\u00e7e Milli E\u011fitim M\u00fcd\u00fcr\u00fc Ra\u015fit K\u00fc\u00e7\u00fckka\u011fn\u0131c\u0131, okul-aile i\u015f birli\u011finin \u00f6nemine dikkat \u00e7ekerek, &#8220;Ramazan ay\u0131n\u0131n bu m\u00fcbarek g\u00fcnlerinde bizleri bir araya getiren bu sofralar, birlik ve beraberli\u011fimizin en g\u00fczel ni\u015fanesidir. E\u011fitimin sadece d\u00f6rt duvar aras\u0131nda olmad\u0131\u011f\u0131n\u0131, bu t\u00fcr sosyal etkinliklerin \u00e7ocuklar\u0131m\u0131z\u0131n geli\u015fimine ve veli-okul ba\u011f\u0131n\u0131n g\u00fc\u00e7lenmesine b\u00fcy\u00fck katk\u0131 sa\u011flad\u0131\u011f\u0131n\u0131 g\u00f6r\u00fcyoruz. Organizasyonda eme\u011fi ge\u00e7en okul y\u00f6netimini ve kat\u0131l\u0131m sa\u011flayan velilerimizi tebrik ediyorum&#8221; dedi.<br \/>\n<br \/>Okul y\u00f6netimi ise etkinliklerin \u00f6\u011frencilerin k\u00fclt\u00fcrel de\u011ferleri tan\u0131mas\u0131 a\u00e7\u0131s\u0131ndan kritik \u00f6neme sahip oldu\u011funu vurgulad\u0131.<br \/><\/p>\n","protected":false},"excerpt":{"rendered":"<p>K\u00fctahya\u2019n\u0131n Tav\u015fanl\u0131 il\u00e7esinde S\u00fcleyman Y\u0131lmaz Anaokulu taraf\u0131ndan d\u00fczenlenen iftar program\u0131, velilerin yo\u011fun kat\u0131l\u0131m\u0131yla ger\u00e7ekle\u015ftirildi. \u015eenol D\u00fc\u011f\u00fcn Salonu\u2019nda d\u00fczenlenen etkinlikte, minik \u00f6\u011frenciler davul e\u015fli\u011finde geleneksel Ramazan manilerini seslendirirken, Hacivat-Karag\u00f6z g\u00f6sterisi de \u00e7ocuklara unutulmaz anlar ya\u015fatt\u0131. Programa Tav\u015fanl\u0131 \u0130l\u00e7e Milli E\u011fitim M\u00fcd\u00fcr\u00fc Ra\u015fit K\u00fc\u00e7\u00fckka\u011fn\u0131c\u0131, \u015fube m\u00fcd\u00fcrleri, okul y\u00f6netimi ve \u00e7ok say\u0131da veli kat\u0131ld\u0131. Ellerinde davullar\u0131yla sahne alan&#8230;<\/p>\n","protected":false},"author":1,"featured_media":90529,"comment_status":"open","ping_status":"open","sticky":false,"template":"","format":"standard","meta":{"_crdt_document":"","footnotes":""},"categories":[123],"tags":[],"class_list":["post-90528","post","type-post","status-publish","format-standard","has-post-thumbnail","hentry","category-gundem"],"_links":{"self":[{"href":"https:\/\/www.egemtv.com\/index.php?rest_route=\/wp\/v2\/posts\/90528","targetHints":{"allow":["GET"]}}],"collection":[{"href":"https:\/\/www.egemtv.com\/index.php?rest_route=\/wp\/v2\/posts"}],"about":[{"href":"https:\/\/www.egemtv.com\/index.php?rest_route=\/wp\/v2\/types\/post"}],"author":[{"embeddable":true,"href":"https:\/\/www.egemtv.com\/index.php?rest_route=\/wp\/v2\/users\/1"}],"replies":[{"embeddable":true,"href":"https:\/\/www.egemtv.com\/index.php?rest_route=%2Fwp%2Fv2%2Fcomments&post=90528"}],"version-history":[{"count":1,"href":"https:\/\/www.egemtv.com\/index.php?rest_route=\/wp\/v2\/posts\/90528\/revisions"}],"predecessor-version":[{"id":90530,"href":"https:\/\/www.egemtv.com\/index.php?rest_route=\/wp\/v2\/posts\/90528\/revisions\/90530"}],"wp:featuredmedia":[{"embeddable":true,"href":"https:\/\/www.egemtv.com\/index.php?rest_route=\/wp\/v2\/media\/90529"}],"wp:attachment":[{"href":"https:\/\/www.egemtv.com\/index.php?rest_route=%2Fwp%2Fv2%2Fmedia&parent=90528"}],"wp:term":[{"taxonomy":"category","embeddable":true,"href":"https:\/\/www.egemtv.com\/index.php?rest_route=%2Fwp%2Fv2%2Fcategories&post=90528"},{"taxonomy":"post_tag","embeddable":true,"href":"https:\/\/www.egemtv.com\/index.php?rest_route=%2Fwp%2Fv2%2Ftags&post=90528"}],"curies":[{"name":"wp","href":"https:\/\/api.w.org\/{rel}","templated":true}]}}