{"id":90516,"date":"2026-02-26T10:35:03","date_gmt":"2026-02-26T07:35:03","guid":{"rendered":"https:\/\/www.egemtv.com\/?p=90516"},"modified":"2026-02-26T10:35:04","modified_gmt":"2026-02-26T07:35:04","slug":"kusadasi-belediyesi-iftar-gunleri-guzelcamli-ile-devam-etti","status":"publish","type":"post","link":"https:\/\/www.egemtv.com\/?p=90516","title":{"rendered":"Ku\u015fadas\u0131 Belediyesi iftar g\u00fcnleri G\u00fczel\u00e7aml\u0131 ile devam etti"},"content":{"rendered":"<p>Ku\u015fadas\u0131 Belediyesi taraf\u0131ndan kentin farkl\u0131 noktalar\u0131nda kurulan iftar sofralar\u0131n\u0131n son adresi G\u00fczel\u00e7aml\u0131 Mahallesi oldu. Tasavvuf m\u00fczi\u011fi ile ba\u015flayan iftar yeme\u011finden sonra \u00e7ocuklar i\u00e7in Ramazan e\u011flencesi d\u00fczenlendi.<\/p>\n<p>Ramazan ay\u0131n\u0131n birlik, beraberlik ve dayan\u0131\u015fma ruhu ile bereketini payla\u015fmak amac\u0131yla Ku\u015fadas\u0131 Belediyesi taraf\u0131ndan bu kez G\u00fczel\u00e7aml\u0131 Mahallesi\u2019nde iftar sofras\u0131 kuruldu. Tasavvuf m\u00fczi\u011fi ile ba\u015flayan iftar programda iftar saatinin gelmesiyle birlikte binlerce ki\u015fi edilen dualar e\u015fli\u011finde oru\u00e7lar\u0131n\u0131 a\u00e7t\u0131. G\u00fczel\u00e7aml\u0131 Mahalle sakinleri, Ba\u015fkan \u00d6mer G\u00fcnel\u2019e d\u00fczenlenen iftar yeme\u011fi dolay\u0131s\u0131yla te\u015fekk\u00fcr etti. \u0130ftar yeme\u011finden sonra \u00e7ocuklar i\u00e7in Ramazan e\u011flencesi d\u00fczenlendi. Geleneksel g\u00f6lge oyunu, Hacivat ve Karag\u00f6z, Komedi Dans \u00dc\u00e7l\u00fcs\u00fc ve \u00e7e\u015fitli sihirbazl\u0131k g\u00f6sterilerinin sergilendi\u011fi Ramazan e\u011flencesinde, \u00e7ocuklar keyifli vakit ge\u00e7irdi. \u0130ftar program\u0131na Ku\u015fadas\u0131 Belediye Ba\u015fkan Vekili \u00c7a\u011flayan Erdem, belediye ba\u015fkan yard\u0131mc\u0131lar\u0131, meclis \u00fcyeleri, CHP Ku\u015fadas\u0131 \u0130l\u00e7e Ba\u015fkan\u0131 Mehmet G\u00fcrbilek ve Muhtar Remzi At\u0131c\u0131 da kat\u0131ld\u0131.<\/p>\n<p>Ku\u015fadas\u0131 Belediyesi taraf\u0131ndan bir sonraki iftar sofras\u0131, 27 \u015eubat Cuma g\u00fcn\u00fc Hac\u0131feyzullah Mahallesi 7 Eyl\u00fcl \u0130lkokulunun \u00f6n\u00fcnde kurulacak.<br \/><\/p>\n","protected":false},"excerpt":{"rendered":"<p>Ku\u015fadas\u0131 Belediyesi taraf\u0131ndan kentin farkl\u0131 noktalar\u0131nda kurulan iftar sofralar\u0131n\u0131n son adresi G\u00fczel\u00e7aml\u0131 Mahallesi oldu. Tasavvuf m\u00fczi\u011fi ile ba\u015flayan iftar yeme\u011finden sonra \u00e7ocuklar i\u00e7in Ramazan e\u011flencesi d\u00fczenlendi. Ramazan ay\u0131n\u0131n birlik, beraberlik ve dayan\u0131\u015fma ruhu ile bereketini payla\u015fmak amac\u0131yla Ku\u015fadas\u0131 Belediyesi taraf\u0131ndan bu kez G\u00fczel\u00e7aml\u0131 Mahallesi\u2019nde iftar sofras\u0131 kuruldu. Tasavvuf m\u00fczi\u011fi ile ba\u015flayan iftar programda iftar saatinin&#8230;<\/p>\n","protected":false},"author":1,"featured_media":90517,"comment_status":"open","ping_status":"open","sticky":false,"template":"","format":"standard","meta":{"_crdt_document":"","footnotes":""},"categories":[123],"tags":[],"class_list":["post-90516","post","type-post","status-publish","format-standard","has-post-thumbnail","hentry","category-gundem"],"_links":{"self":[{"href":"https:\/\/www.egemtv.com\/index.php?rest_route=\/wp\/v2\/posts\/90516","targetHints":{"allow":["GET"]}}],"collection":[{"href":"https:\/\/www.egemtv.com\/index.php?rest_route=\/wp\/v2\/posts"}],"about":[{"href":"https:\/\/www.egemtv.com\/index.php?rest_route=\/wp\/v2\/types\/post"}],"author":[{"embeddable":true,"href":"https:\/\/www.egemtv.com\/index.php?rest_route=\/wp\/v2\/users\/1"}],"replies":[{"embeddable":true,"href":"https:\/\/www.egemtv.com\/index.php?rest_route=%2Fwp%2Fv2%2Fcomments&post=90516"}],"version-history":[{"count":1,"href":"https:\/\/www.egemtv.com\/index.php?rest_route=\/wp\/v2\/posts\/90516\/revisions"}],"predecessor-version":[{"id":90518,"href":"https:\/\/www.egemtv.com\/index.php?rest_route=\/wp\/v2\/posts\/90516\/revisions\/90518"}],"wp:featuredmedia":[{"embeddable":true,"href":"https:\/\/www.egemtv.com\/index.php?rest_route=\/wp\/v2\/media\/90517"}],"wp:attachment":[{"href":"https:\/\/www.egemtv.com\/index.php?rest_route=%2Fwp%2Fv2%2Fmedia&parent=90516"}],"wp:term":[{"taxonomy":"category","embeddable":true,"href":"https:\/\/www.egemtv.com\/index.php?rest_route=%2Fwp%2Fv2%2Fcategories&post=90516"},{"taxonomy":"post_tag","embeddable":true,"href":"https:\/\/www.egemtv.com\/index.php?rest_route=%2Fwp%2Fv2%2Ftags&post=90516"}],"curies":[{"name":"wp","href":"https:\/\/api.w.org\/{rel}","templated":true}]}}