{"id":90513,"date":"2026-02-26T10:15:54","date_gmt":"2026-02-26T07:15:54","guid":{"rendered":"https:\/\/www.egemtv.com\/?p=90513"},"modified":"2026-02-26T10:15:55","modified_gmt":"2026-02-26T07:15:55","slug":"guvenli-internet-gununde-muglada-anlamli-etkinlik","status":"publish","type":"post","link":"https:\/\/www.egemtv.com\/?p=90513","title":{"rendered":"\u2018G\u00fcvenli \u0130nternet G\u00fcn\u00fc\u2019nde Mu\u011fla\u2019da anlaml\u0131 etkinlik"},"content":{"rendered":"<p>Mu\u011fla Gazi Anadolu Lisesi M\u00fcd\u00fcr\u00fc Ufuk Uysal, \u00f6\u011frencilerle bulu\u015farak internet g\u00fcvenli\u011fi konusunda do\u011frudan bilgi verdi. Etkinlik, \u00f6\u011frencilerin dahil oldu\u011fu eTwinning projesi \u2018Roots for Tomorrow\u2019 kapsam\u0131nda ger\u00e7ekle\u015ftirildi.<br \/>\n<br \/>M\u00fcd\u00fcr Uysal, \u00e7evre ve s\u00fcrd\u00fcr\u00fclebilirlik temal\u0131 bu projede oldu\u011fu gibi internetin her alan\u0131nda g\u00fcvenli\u011fin \u00f6nemini vurgulad\u0131. \u00d6\u011frencilere, bilin\u00e7li dijital vatanda\u015fl\u0131k, g\u00fcvenli payla\u015f\u0131m ve sorumlu teknoloji kullan\u0131m\u0131 \u00fczerine de\u011ferli bilgiler aktard\u0131.<br \/>\n<br \/>\u2018Roots for Tomorrow\u2019 projesi \u00e7evre bilinci ve s\u00fcrd\u00fcr\u00fclebilir ya\u015fam \u00fczerine odaklan\u0131rken, G\u00fcvenli \u0130nternet G\u00fcn\u00fc vesilesiyle dijital g\u00fcvenlik de g\u00fcndeme ta\u015f\u0131nd\u0131. B\u00f6ylece \u00f6\u011frenciler hem do\u011fay\u0131 koruman\u0131n hem de dijital d\u00fcnyada g\u00fcvenli kalman\u0131n \u00f6nemini bir arada kavrad\u0131.<br \/><\/p>\n","protected":false},"excerpt":{"rendered":"<p>Mu\u011fla Gazi Anadolu Lisesi M\u00fcd\u00fcr\u00fc Ufuk Uysal, \u00f6\u011frencilerle bulu\u015farak internet g\u00fcvenli\u011fi konusunda do\u011frudan bilgi verdi. Etkinlik, \u00f6\u011frencilerin dahil oldu\u011fu eTwinning projesi \u2018Roots for Tomorrow\u2019 kapsam\u0131nda ger\u00e7ekle\u015ftirildi. M\u00fcd\u00fcr Uysal, \u00e7evre ve s\u00fcrd\u00fcr\u00fclebilirlik temal\u0131 bu projede oldu\u011fu gibi internetin her alan\u0131nda g\u00fcvenli\u011fin \u00f6nemini vurgulad\u0131. \u00d6\u011frencilere, bilin\u00e7li dijital vatanda\u015fl\u0131k, g\u00fcvenli payla\u015f\u0131m ve sorumlu teknoloji kullan\u0131m\u0131 \u00fczerine de\u011ferli bilgiler&#8230;<\/p>\n","protected":false},"author":1,"featured_media":90514,"comment_status":"open","ping_status":"open","sticky":false,"template":"","format":"standard","meta":{"_crdt_document":"","footnotes":""},"categories":[1],"tags":[],"class_list":["post-90513","post","type-post","status-publish","format-standard","has-post-thumbnail","hentry","category-guncel"],"_links":{"self":[{"href":"https:\/\/www.egemtv.com\/index.php?rest_route=\/wp\/v2\/posts\/90513","targetHints":{"allow":["GET"]}}],"collection":[{"href":"https:\/\/www.egemtv.com\/index.php?rest_route=\/wp\/v2\/posts"}],"about":[{"href":"https:\/\/www.egemtv.com\/index.php?rest_route=\/wp\/v2\/types\/post"}],"author":[{"embeddable":true,"href":"https:\/\/www.egemtv.com\/index.php?rest_route=\/wp\/v2\/users\/1"}],"replies":[{"embeddable":true,"href":"https:\/\/www.egemtv.com\/index.php?rest_route=%2Fwp%2Fv2%2Fcomments&post=90513"}],"version-history":[{"count":1,"href":"https:\/\/www.egemtv.com\/index.php?rest_route=\/wp\/v2\/posts\/90513\/revisions"}],"predecessor-version":[{"id":90515,"href":"https:\/\/www.egemtv.com\/index.php?rest_route=\/wp\/v2\/posts\/90513\/revisions\/90515"}],"wp:featuredmedia":[{"embeddable":true,"href":"https:\/\/www.egemtv.com\/index.php?rest_route=\/wp\/v2\/media\/90514"}],"wp:attachment":[{"href":"https:\/\/www.egemtv.com\/index.php?rest_route=%2Fwp%2Fv2%2Fmedia&parent=90513"}],"wp:term":[{"taxonomy":"category","embeddable":true,"href":"https:\/\/www.egemtv.com\/index.php?rest_route=%2Fwp%2Fv2%2Fcategories&post=90513"},{"taxonomy":"post_tag","embeddable":true,"href":"https:\/\/www.egemtv.com\/index.php?rest_route=%2Fwp%2Fv2%2Ftags&post=90513"}],"curies":[{"name":"wp","href":"https:\/\/api.w.org\/{rel}","templated":true}]}}