{"id":90510,"date":"2026-02-26T10:15:53","date_gmt":"2026-02-26T07:15:53","guid":{"rendered":"https:\/\/www.egemtv.com\/?p=90510"},"modified":"2026-02-26T10:15:54","modified_gmt":"2026-02-26T07:15:54","slug":"sultanhisarli-ogrencilere-saglikli-beslenme-anlatildi","status":"publish","type":"post","link":"https:\/\/www.egemtv.com\/?p=90510","title":{"rendered":"Sultanhisarl\u0131 \u00f6\u011frencilere sa\u011fl\u0131kl\u0131 beslenme anlat\u0131ld\u0131"},"content":{"rendered":"<p>Ayd\u0131n\u2019\u0131n Sultanhisar il\u00e7esinde ilkokul \u00f6\u011frencilerine sa\u011fl\u0131kl\u0131 beslenme ve ya\u015fam al\u0131\u015fkanl\u0131klar\u0131 konusunda bilgilendirme yap\u0131ld\u0131.<br \/>\n<br \/>Sultanhisar Kaymakaml\u0131\u011f\u0131 koordinasyonunda Sultanhisar \u0130l\u00e7e Sa\u011fl\u0131k M\u00fcd\u00fcrl\u00fc\u011f\u00fc ile Sultanhisar \u0130l\u00e7e Milli E\u011fitim M\u00fcd\u00fcrl\u00fc\u011f\u00fc i\u015f birli\u011finde &#8220;Sa\u011fl\u0131kl\u0131 \u00c7ocuk Sa\u011fl\u0131kl\u0131 Gelecek&#8221; program\u0131 d\u00fczenlendi. At\u00e7a Atat\u00fcrk \u0130lkokulu\u2019nda ger\u00e7ekle\u015ftirilen programda \u00f6\u011frencilere sa\u011fl\u0131kl\u0131 beslenme, ki\u015fisel hijyen, d\u00fczenli fiziksel aktivite ve sa\u011fl\u0131kl\u0131 ya\u015fam al\u0131\u015fkanl\u0131klar\u0131 konular\u0131nda bilgilendirme yap\u0131ld\u0131. Etkinli\u011fe Sultanhisar Kaymakam\u0131 Ali Ekber Ate\u015f, Belediye Ba\u015fkan Yard\u0131mc\u0131s\u0131 Okan Yal\u00e7\u0131nkaya, \u0130l\u00e7e Devlet Hastanesi Ba\u015fhekimi Emre Demirel, \u0130l\u00e7e Milli E\u011fitim M\u00fcd\u00fcr\u00fc Erdin\u00e7 G\u00fcner, kurum amirleri, \u00f6\u011fretmenler ve \u00f6\u011frenciler kat\u0131ld\u0131. Programda, erken ya\u015fta sa\u011fl\u0131k bilinci kazanman\u0131n \u00f6nemine vurgu yap\u0131larak sa\u011fl\u0131kl\u0131 bireylerin sa\u011fl\u0131kl\u0131 bir toplumun temelini olu\u015fturdu\u011fu ifade edildi. Uygulamal\u0131 faaliyetlerin de yer ald\u0131\u011f\u0131 etkinlikte \u00f6\u011frencilere bilgilendirici materyaller da\u011f\u0131t\u0131ld\u0131, merak edilen sorular yan\u0131tland\u0131.<br \/><\/p>\n","protected":false},"excerpt":{"rendered":"<p>Ayd\u0131n\u2019\u0131n Sultanhisar il\u00e7esinde ilkokul \u00f6\u011frencilerine sa\u011fl\u0131kl\u0131 beslenme ve ya\u015fam al\u0131\u015fkanl\u0131klar\u0131 konusunda bilgilendirme yap\u0131ld\u0131. Sultanhisar Kaymakaml\u0131\u011f\u0131 koordinasyonunda Sultanhisar \u0130l\u00e7e Sa\u011fl\u0131k M\u00fcd\u00fcrl\u00fc\u011f\u00fc ile Sultanhisar \u0130l\u00e7e Milli E\u011fitim M\u00fcd\u00fcrl\u00fc\u011f\u00fc i\u015f birli\u011finde &#8220;Sa\u011fl\u0131kl\u0131 \u00c7ocuk Sa\u011fl\u0131kl\u0131 Gelecek&#8221; program\u0131 d\u00fczenlendi. At\u00e7a Atat\u00fcrk \u0130lkokulu\u2019nda ger\u00e7ekle\u015ftirilen programda \u00f6\u011frencilere sa\u011fl\u0131kl\u0131 beslenme, ki\u015fisel hijyen, d\u00fczenli fiziksel aktivite ve sa\u011fl\u0131kl\u0131 ya\u015fam al\u0131\u015fkanl\u0131klar\u0131 konular\u0131nda bilgilendirme yap\u0131ld\u0131. Etkinli\u011fe&#8230;<\/p>\n","protected":false},"author":1,"featured_media":90511,"comment_status":"open","ping_status":"open","sticky":false,"template":"","format":"standard","meta":{"_crdt_document":"","footnotes":""},"categories":[1],"tags":[],"class_list":["post-90510","post","type-post","status-publish","format-standard","has-post-thumbnail","hentry","category-guncel"],"_links":{"self":[{"href":"https:\/\/www.egemtv.com\/index.php?rest_route=\/wp\/v2\/posts\/90510","targetHints":{"allow":["GET"]}}],"collection":[{"href":"https:\/\/www.egemtv.com\/index.php?rest_route=\/wp\/v2\/posts"}],"about":[{"href":"https:\/\/www.egemtv.com\/index.php?rest_route=\/wp\/v2\/types\/post"}],"author":[{"embeddable":true,"href":"https:\/\/www.egemtv.com\/index.php?rest_route=\/wp\/v2\/users\/1"}],"replies":[{"embeddable":true,"href":"https:\/\/www.egemtv.com\/index.php?rest_route=%2Fwp%2Fv2%2Fcomments&post=90510"}],"version-history":[{"count":1,"href":"https:\/\/www.egemtv.com\/index.php?rest_route=\/wp\/v2\/posts\/90510\/revisions"}],"predecessor-version":[{"id":90512,"href":"https:\/\/www.egemtv.com\/index.php?rest_route=\/wp\/v2\/posts\/90510\/revisions\/90512"}],"wp:featuredmedia":[{"embeddable":true,"href":"https:\/\/www.egemtv.com\/index.php?rest_route=\/wp\/v2\/media\/90511"}],"wp:attachment":[{"href":"https:\/\/www.egemtv.com\/index.php?rest_route=%2Fwp%2Fv2%2Fmedia&parent=90510"}],"wp:term":[{"taxonomy":"category","embeddable":true,"href":"https:\/\/www.egemtv.com\/index.php?rest_route=%2Fwp%2Fv2%2Fcategories&post=90510"},{"taxonomy":"post_tag","embeddable":true,"href":"https:\/\/www.egemtv.com\/index.php?rest_route=%2Fwp%2Fv2%2Ftags&post=90510"}],"curies":[{"name":"wp","href":"https:\/\/api.w.org\/{rel}","templated":true}]}}