{"id":90459,"date":"2026-02-25T20:35:25","date_gmt":"2026-02-25T17:35:25","guid":{"rendered":"https:\/\/www.egemtv.com\/?p=90459"},"modified":"2026-02-25T20:35:26","modified_gmt":"2026-02-25T17:35:26","slug":"ispartada-sarampole-yuvarlanan-traktorun-surucusu-yaralandi","status":"publish","type":"post","link":"https:\/\/www.egemtv.com\/?p=90459","title":{"rendered":"Isparta\u2019da \u015farampole yuvarlanan trakt\u00f6r\u00fcn s\u00fcr\u00fcc\u00fcs\u00fc yaraland\u0131"},"content":{"rendered":"<p>Isparta\u2019da lasti\u011fi patlayan trakt\u00f6r\u00fcn \u015farampole yuvarland\u0131\u011f\u0131 kazada s\u00fcr\u00fcc\u00fc yaraland\u0131.<br \/>\n<br \/>Kaza, Isparta Konya D-350 karayolunda meydana geldi. Edinilen bilgilere g\u00f6re, R.K. idaresindeki 32 ADP 197 plakal\u0131 trakt\u00f6r, seyir halindeyken sa\u011f \u00f6n lasti\u011finin patlamas\u0131 sonucu kontrolden \u00e7\u0131karak \u015farampole yuvarland\u0131. \u0130hbar \u00fczerine olay yerine ambulans ve jandarma ekipleri sevk edildi. Kazada yaralanan s\u00fcr\u00fcc\u00fc, sa\u011fl\u0131k ekiplerinin ilk m\u00fcdahalesinin ard\u0131ndan ambulansla \u015earkikaraa\u011fa\u00e7 Devlet Hastanesi\u2019ne kald\u0131r\u0131ld\u0131. Yaral\u0131 s\u00fcr\u00fcc\u00fcn\u00fcn, trakt\u00f6r kabini sayesinde ezilmekten kurtularak hayatta kald\u0131\u011f\u0131 \u00f6\u011frenildi. \u015earampole yuvarlanan trakt\u00f6r ise \u00e7ekici yard\u0131m\u0131yla bulundu\u011fu yerden kald\u0131r\u0131ld\u0131. Olayla ilgili inceleme ba\u015flat\u0131ld\u0131.<br \/><\/p>\n","protected":false},"excerpt":{"rendered":"<p>Isparta\u2019da lasti\u011fi patlayan trakt\u00f6r\u00fcn \u015farampole yuvarland\u0131\u011f\u0131 kazada s\u00fcr\u00fcc\u00fc yaraland\u0131. Kaza, Isparta Konya D-350 karayolunda meydana geldi. Edinilen bilgilere g\u00f6re, R.K. idaresindeki 32 ADP 197 plakal\u0131 trakt\u00f6r, seyir halindeyken sa\u011f \u00f6n lasti\u011finin patlamas\u0131 sonucu kontrolden \u00e7\u0131karak \u015farampole yuvarland\u0131. \u0130hbar \u00fczerine olay yerine ambulans ve jandarma ekipleri sevk edildi. Kazada yaralanan s\u00fcr\u00fcc\u00fc, sa\u011fl\u0131k ekiplerinin ilk m\u00fcdahalesinin ard\u0131ndan&#8230;<\/p>\n","protected":false},"author":1,"featured_media":90460,"comment_status":"open","ping_status":"open","sticky":false,"template":"","format":"standard","meta":{"_crdt_document":"","footnotes":""},"categories":[5],"tags":[],"class_list":["post-90459","post","type-post","status-publish","format-standard","has-post-thumbnail","hentry","category-asayis"],"_links":{"self":[{"href":"https:\/\/www.egemtv.com\/index.php?rest_route=\/wp\/v2\/posts\/90459","targetHints":{"allow":["GET"]}}],"collection":[{"href":"https:\/\/www.egemtv.com\/index.php?rest_route=\/wp\/v2\/posts"}],"about":[{"href":"https:\/\/www.egemtv.com\/index.php?rest_route=\/wp\/v2\/types\/post"}],"author":[{"embeddable":true,"href":"https:\/\/www.egemtv.com\/index.php?rest_route=\/wp\/v2\/users\/1"}],"replies":[{"embeddable":true,"href":"https:\/\/www.egemtv.com\/index.php?rest_route=%2Fwp%2Fv2%2Fcomments&post=90459"}],"version-history":[{"count":1,"href":"https:\/\/www.egemtv.com\/index.php?rest_route=\/wp\/v2\/posts\/90459\/revisions"}],"predecessor-version":[{"id":90461,"href":"https:\/\/www.egemtv.com\/index.php?rest_route=\/wp\/v2\/posts\/90459\/revisions\/90461"}],"wp:featuredmedia":[{"embeddable":true,"href":"https:\/\/www.egemtv.com\/index.php?rest_route=\/wp\/v2\/media\/90460"}],"wp:attachment":[{"href":"https:\/\/www.egemtv.com\/index.php?rest_route=%2Fwp%2Fv2%2Fmedia&parent=90459"}],"wp:term":[{"taxonomy":"category","embeddable":true,"href":"https:\/\/www.egemtv.com\/index.php?rest_route=%2Fwp%2Fv2%2Fcategories&post=90459"},{"taxonomy":"post_tag","embeddable":true,"href":"https:\/\/www.egemtv.com\/index.php?rest_route=%2Fwp%2Fv2%2Ftags&post=90459"}],"curies":[{"name":"wp","href":"https:\/\/api.w.org\/{rel}","templated":true}]}}