{"id":90456,"date":"2026-02-25T19:54:55","date_gmt":"2026-02-25T16:54:55","guid":{"rendered":"https:\/\/www.egemtv.com\/?p=90456"},"modified":"2026-02-25T19:54:56","modified_gmt":"2026-02-25T16:54:56","slug":"fethiyede-aranan-sahislara-operasyon-3-tutuklama","status":"publish","type":"post","link":"https:\/\/www.egemtv.com\/?p=90456","title":{"rendered":"Fethiye\u2019de aranan \u015fah\u0131slara operasyon: 3 tutuklama"},"content":{"rendered":"<p>Mu\u011fla\u2019n\u0131n Fethiye il\u00e7esinde haklar\u0131nda toplam 42 y\u0131l\u0131 a\u015fk\u0131n kesinle\u015fmi\u015f hapis cezas\u0131 bulunan firarilerin de aralar\u0131nda oldu\u011fu 12 \u015f\u00fcpheli yakaland\u0131. Operasyonda silah ve uyu\u015fturucu ele ge\u00e7irilirken, 3 ki\u015fi tutukland\u0131.<br \/>\n<br \/>Edinilen bilgilere g\u00f6re; \u00c7iftlik Mahallesi\u2019nde iki farkl\u0131 villada kald\u0131\u011f\u0131 belirlenen H.\u0130.\u00d6.\u2019ye y\u00f6nelik, Fethiye Cumhuriyet Ba\u015fsavc\u0131l\u0131\u011f\u0131 talimat\u0131yla Asayi\u015f B\u00fcro Amirli\u011fi ekipleri taraf\u0131ndan operasyon d\u00fczenlendi. Operasyonda H.\u0130.\u00d6., M.K., \u0130.A., F.F.S., F.S., \u00d6.\u00c7., K.D., A.V., E.K., E.O., K.\u015e. ve Z.D. isimli toplam 12 \u015f\u00fcpheli yakaland\u0131. Aramalarda otomatik tabanca ve \u015farj\u00f6r\u00fc, 179 fi\u015fek ile 94 adet sentetik uyu\u015fturucu hap ele ge\u00e7irildi. Yakalanan \u015f\u00fcphelilerin 6\u2019s\u0131 ifadelerinin ard\u0131ndan serbest b\u0131rak\u0131ld\u0131.<br \/>\n<br \/>H.\u0130.\u00d6.\u2019n\u00fcn doland\u0131r\u0131c\u0131l\u0131k ve h\u00fck\u00fcml\u00fcn\u00fcn ka\u00e7mas\u0131 su\u00e7lar\u0131ndan 18 aranma kayd\u0131 ile kesinle\u015fmi\u015f 30 y\u0131l 11 ay 22 g\u00fcn hapis cezas\u0131 bulundu\u011fu, M.K.\u2019nin ise \u00e7e\u015fitli su\u00e7lardan 7 aranma kayd\u0131 ve 11 y\u0131l 8 ay kesinle\u015fmi\u015f cezas\u0131 oldu\u011fu belirlendi. \u0130.A.\u2019n\u0131n da doland\u0131r\u0131c\u0131l\u0131k su\u00e7undan 3 aranma kayd\u0131 oldu\u011fu \u00f6\u011frenildi.<br \/>\n<br \/>Adliyeye sevk edilen \u015f\u00fcphelilerden K.\u015e. adli kontrolle serbest b\u0131rak\u0131l\u0131rken, \u0130.A., M.K. ve H.\u0130.\u00d6. tutuklanarak cezaevine g\u00f6nderildi.<br \/>\n<br \/>\u015e\u00fcphelilerden A.V. ve E.K.\u2019nin kay\u0131p \u015fah\u0131s olarak arand\u0131\u011f\u0131 belirlendi. Kay\u0131p olarak aranan 2 ya\u015f\u0131 k\u00fc\u00e7\u00fck \u015fah\u0131s i\u015flemlerinin ard\u0131ndan Mu\u011fla \u0130l Kabul \u00c7ocuk Evleri Sitesi\u2019ne teslim edildi.<br \/><\/p>\n","protected":false},"excerpt":{"rendered":"<p>Mu\u011fla\u2019n\u0131n Fethiye il\u00e7esinde haklar\u0131nda toplam 42 y\u0131l\u0131 a\u015fk\u0131n kesinle\u015fmi\u015f hapis cezas\u0131 bulunan firarilerin de aralar\u0131nda oldu\u011fu 12 \u015f\u00fcpheli yakaland\u0131. Operasyonda silah ve uyu\u015fturucu ele ge\u00e7irilirken, 3 ki\u015fi tutukland\u0131. Edinilen bilgilere g\u00f6re; \u00c7iftlik Mahallesi\u2019nde iki farkl\u0131 villada kald\u0131\u011f\u0131 belirlenen H.\u0130.\u00d6.\u2019ye y\u00f6nelik, Fethiye Cumhuriyet Ba\u015fsavc\u0131l\u0131\u011f\u0131 talimat\u0131yla Asayi\u015f B\u00fcro Amirli\u011fi ekipleri taraf\u0131ndan operasyon d\u00fczenlendi. Operasyonda H.\u0130.\u00d6., M.K., \u0130.A.,&#8230;<\/p>\n","protected":false},"author":1,"featured_media":90457,"comment_status":"open","ping_status":"open","sticky":false,"template":"","format":"standard","meta":{"_crdt_document":"","footnotes":""},"categories":[5],"tags":[],"class_list":["post-90456","post","type-post","status-publish","format-standard","has-post-thumbnail","hentry","category-asayis"],"_links":{"self":[{"href":"https:\/\/www.egemtv.com\/index.php?rest_route=\/wp\/v2\/posts\/90456","targetHints":{"allow":["GET"]}}],"collection":[{"href":"https:\/\/www.egemtv.com\/index.php?rest_route=\/wp\/v2\/posts"}],"about":[{"href":"https:\/\/www.egemtv.com\/index.php?rest_route=\/wp\/v2\/types\/post"}],"author":[{"embeddable":true,"href":"https:\/\/www.egemtv.com\/index.php?rest_route=\/wp\/v2\/users\/1"}],"replies":[{"embeddable":true,"href":"https:\/\/www.egemtv.com\/index.php?rest_route=%2Fwp%2Fv2%2Fcomments&post=90456"}],"version-history":[{"count":1,"href":"https:\/\/www.egemtv.com\/index.php?rest_route=\/wp\/v2\/posts\/90456\/revisions"}],"predecessor-version":[{"id":90458,"href":"https:\/\/www.egemtv.com\/index.php?rest_route=\/wp\/v2\/posts\/90456\/revisions\/90458"}],"wp:featuredmedia":[{"embeddable":true,"href":"https:\/\/www.egemtv.com\/index.php?rest_route=\/wp\/v2\/media\/90457"}],"wp:attachment":[{"href":"https:\/\/www.egemtv.com\/index.php?rest_route=%2Fwp%2Fv2%2Fmedia&parent=90456"}],"wp:term":[{"taxonomy":"category","embeddable":true,"href":"https:\/\/www.egemtv.com\/index.php?rest_route=%2Fwp%2Fv2%2Fcategories&post=90456"},{"taxonomy":"post_tag","embeddable":true,"href":"https:\/\/www.egemtv.com\/index.php?rest_route=%2Fwp%2Fv2%2Ftags&post=90456"}],"curies":[{"name":"wp","href":"https:\/\/api.w.org\/{rel}","templated":true}]}}