{"id":90453,"date":"2026-02-25T18:35:36","date_gmt":"2026-02-25T15:35:36","guid":{"rendered":"https:\/\/www.egemtv.com\/?p=90453"},"modified":"2026-02-25T18:35:37","modified_gmt":"2026-02-25T15:35:37","slug":"turgutluda-uyusturucu-operasyonu-3-supheli-tutuklandi","status":"publish","type":"post","link":"https:\/\/www.egemtv.com\/?p=90453","title":{"rendered":"Turgutlu\u2019da uyu\u015fturucu operasyonu: 3 \u015f\u00fcpheli tutukland\u0131"},"content":{"rendered":"<p>Manisa\u2019n\u0131n Turgutlu il\u00e7esinde d\u00fczenlenen uyu\u015fturucu operasyonunda g\u00f6zalt\u0131na al\u0131nan 3 \u015f\u00fcpheli \u00e7\u0131kar\u0131ld\u0131klar\u0131 mahkemece tutukland\u0131.<br \/>\n<br \/>Manisa \u0130l Emniyet M\u00fcd\u00fcrl\u00fc\u011f\u00fc Narkotik Su\u00e7larla M\u00fccadele \u015eube M\u00fcd\u00fcrl\u00fc\u011f\u00fc\u2019ne ba\u011fl\u0131 Turgutlu Narkotik Su\u00e7larla M\u00fccadele B\u00fcro Amirli\u011fi ekiplerince, &#8220;Uyu\u015fturucu veya Uyar\u0131c\u0131 Madde \u0130mal ve Ticareti&#8221; yapan \u015fah\u0131slara y\u00f6nelik y\u00fcr\u00fct\u00fclen sokak \u00e7al\u0131\u015fmalar\u0131 kapsam\u0131nda bir \u015f\u00fcpheli yakaland\u0131. Uyu\u015fturucu kullan\u0131c\u0131s\u0131 oldu\u011fu belirlenen bir ki\u015finin \u00fczerinde yap\u0131lan aramada 3 par\u00e7a halinde 36 i\u00e7imlik uyu\u015fturucu madde ele ge\u00e7irildi. \u015e\u00fcpheli hakk\u0131nda T\u00fcrk Ceza Kanunu\u2019nun 191\u2019inci maddesi kapsam\u0131nda i\u015flem yap\u0131ld\u0131.<br \/>\n<br \/>Yap\u0131lan \u00e7al\u0131\u015fmalar\u0131n devam\u0131nda, s\u00f6z konusu uyu\u015fturucu maddeyi temin ederek satt\u0131\u011f\u0131 tespit edilen H.K. isimli \u015f\u00fcpheli yakaland\u0131. \u015e\u00fcphelinin \u00fcst aramas\u0131nda 3 par\u00e7a halinde bin 760 i\u00e7imlik uyu\u015fturucu madde ile uyu\u015fturucu ticaretinden elde edildi\u011fi de\u011ferlendirilen 2 bin 850 lira ele ge\u00e7irildi.<br \/>\n<br \/>Olayla ba\u011flant\u0131l\u0131 oldu\u011fu belirlenen H.K., M.D. ve \u0130.E.\u00d6. isimli \u015f\u00fcpheliler hakk\u0131nda T\u00fcrk Ceza Kanunu\u2019nun 188\u2019inci maddesi kapsam\u0131nda &#8220;Uyu\u015fturucu Madde Ticareti&#8221; su\u00e7undan adli i\u015flem ba\u015flat\u0131ld\u0131.  \u015e\u00fcpheliler, emniyetteki i\u015flemlerinin ard\u0131ndan \u00e7\u0131kar\u0131ld\u0131klar\u0131 Sulh Ceza Hakimli\u011fi taraf\u0131ndan tutuklanarak cezaevine g\u00f6nderildi.<br \/><\/p>\n","protected":false},"excerpt":{"rendered":"<p>Manisa\u2019n\u0131n Turgutlu il\u00e7esinde d\u00fczenlenen uyu\u015fturucu operasyonunda g\u00f6zalt\u0131na al\u0131nan 3 \u015f\u00fcpheli \u00e7\u0131kar\u0131ld\u0131klar\u0131 mahkemece tutukland\u0131. Manisa \u0130l Emniyet M\u00fcd\u00fcrl\u00fc\u011f\u00fc Narkotik Su\u00e7larla M\u00fccadele \u015eube M\u00fcd\u00fcrl\u00fc\u011f\u00fc\u2019ne ba\u011fl\u0131 Turgutlu Narkotik Su\u00e7larla M\u00fccadele B\u00fcro Amirli\u011fi ekiplerince, &#8220;Uyu\u015fturucu veya Uyar\u0131c\u0131 Madde \u0130mal ve Ticareti&#8221; yapan \u015fah\u0131slara y\u00f6nelik y\u00fcr\u00fct\u00fclen sokak \u00e7al\u0131\u015fmalar\u0131 kapsam\u0131nda bir \u015f\u00fcpheli yakaland\u0131. Uyu\u015fturucu kullan\u0131c\u0131s\u0131 oldu\u011fu belirlenen bir ki\u015finin \u00fczerinde yap\u0131lan&#8230;<\/p>\n","protected":false},"author":1,"featured_media":90454,"comment_status":"open","ping_status":"open","sticky":false,"template":"","format":"standard","meta":{"_crdt_document":"","footnotes":""},"categories":[5],"tags":[],"class_list":["post-90453","post","type-post","status-publish","format-standard","has-post-thumbnail","hentry","category-asayis"],"_links":{"self":[{"href":"https:\/\/www.egemtv.com\/index.php?rest_route=\/wp\/v2\/posts\/90453","targetHints":{"allow":["GET"]}}],"collection":[{"href":"https:\/\/www.egemtv.com\/index.php?rest_route=\/wp\/v2\/posts"}],"about":[{"href":"https:\/\/www.egemtv.com\/index.php?rest_route=\/wp\/v2\/types\/post"}],"author":[{"embeddable":true,"href":"https:\/\/www.egemtv.com\/index.php?rest_route=\/wp\/v2\/users\/1"}],"replies":[{"embeddable":true,"href":"https:\/\/www.egemtv.com\/index.php?rest_route=%2Fwp%2Fv2%2Fcomments&post=90453"}],"version-history":[{"count":1,"href":"https:\/\/www.egemtv.com\/index.php?rest_route=\/wp\/v2\/posts\/90453\/revisions"}],"predecessor-version":[{"id":90455,"href":"https:\/\/www.egemtv.com\/index.php?rest_route=\/wp\/v2\/posts\/90453\/revisions\/90455"}],"wp:featuredmedia":[{"embeddable":true,"href":"https:\/\/www.egemtv.com\/index.php?rest_route=\/wp\/v2\/media\/90454"}],"wp:attachment":[{"href":"https:\/\/www.egemtv.com\/index.php?rest_route=%2Fwp%2Fv2%2Fmedia&parent=90453"}],"wp:term":[{"taxonomy":"category","embeddable":true,"href":"https:\/\/www.egemtv.com\/index.php?rest_route=%2Fwp%2Fv2%2Fcategories&post=90453"},{"taxonomy":"post_tag","embeddable":true,"href":"https:\/\/www.egemtv.com\/index.php?rest_route=%2Fwp%2Fv2%2Ftags&post=90453"}],"curies":[{"name":"wp","href":"https:\/\/api.w.org\/{rel}","templated":true}]}}