{"id":90450,"date":"2026-02-25T18:35:35","date_gmt":"2026-02-25T15:35:35","guid":{"rendered":"https:\/\/www.egemtv.com\/?p=90450"},"modified":"2026-02-25T18:35:36","modified_gmt":"2026-02-25T15:35:36","slug":"manisada-devrilen-motosikletin-surucusu-agir-yaralandi","status":"publish","type":"post","link":"https:\/\/www.egemtv.com\/?p=90450","title":{"rendered":"Manisa\u2019da devrilen motosikletin s\u00fcr\u00fcc\u00fcs\u00fc a\u011f\u0131r yaraland\u0131"},"content":{"rendered":"<p>Manisa\u2019n\u0131n Salihli il\u00e7esinde motosikletin devrilmesi sonucu meydana gelen kazada 62 ya\u015f\u0131ndaki s\u00fcr\u00fcc\u00fc a\u011f\u0131r yaraland\u0131.<br \/>\n<br \/>Kaza, Ankara-\u0130zmir D300 Karayolu Caferbey Mahallesi mevkiinde meydana geldi. Edinilen bilgiye g\u00f6re, M.K. (62) y\u00f6netimindeki 45 ACU 066 plakal\u0131 motosiklet, s\u00fcr\u00fcc\u00fcs\u00fcn\u00fcn direksiyon hakimiyetini kaybetmesi sonucu devrildi.<br \/>\n<br \/>\u00c7evredeki vatanda\u015flar\u0131n ihbar\u0131 \u00fczerine olay yerine sa\u011fl\u0131k ve polis ekipleri sevk edildi. Kazada yaralanan motosiklet s\u00fcr\u00fcc\u00fcs\u00fc, sa\u011fl\u0131k ekiplerinin olay yerindeki ilk m\u00fcdahalesinin ard\u0131ndan Salihli Devlet Hastanesi\u2019ne kald\u0131r\u0131ld\u0131.<br \/>\n<br \/>Durumu a\u011f\u0131r olan s\u00fcr\u00fcc\u00fc, Turgutlu Devlet Hastanesine sevk edildi.<br \/>\n<br \/>Kazayla ilgili soru\u015fturma ba\u015flat\u0131ld\u0131.<br \/><\/p>\n","protected":false},"excerpt":{"rendered":"<p>Manisa\u2019n\u0131n Salihli il\u00e7esinde motosikletin devrilmesi sonucu meydana gelen kazada 62 ya\u015f\u0131ndaki s\u00fcr\u00fcc\u00fc a\u011f\u0131r yaraland\u0131. Kaza, Ankara-\u0130zmir D300 Karayolu Caferbey Mahallesi mevkiinde meydana geldi. Edinilen bilgiye g\u00f6re, M.K. (62) y\u00f6netimindeki 45 ACU 066 plakal\u0131 motosiklet, s\u00fcr\u00fcc\u00fcs\u00fcn\u00fcn direksiyon hakimiyetini kaybetmesi sonucu devrildi. \u00c7evredeki vatanda\u015flar\u0131n ihbar\u0131 \u00fczerine olay yerine sa\u011fl\u0131k ve polis ekipleri sevk edildi. Kazada yaralanan motosiklet&#8230;<\/p>\n","protected":false},"author":1,"featured_media":90451,"comment_status":"open","ping_status":"open","sticky":false,"template":"","format":"standard","meta":{"_crdt_document":"","footnotes":""},"categories":[5],"tags":[],"class_list":["post-90450","post","type-post","status-publish","format-standard","has-post-thumbnail","hentry","category-asayis"],"_links":{"self":[{"href":"https:\/\/www.egemtv.com\/index.php?rest_route=\/wp\/v2\/posts\/90450","targetHints":{"allow":["GET"]}}],"collection":[{"href":"https:\/\/www.egemtv.com\/index.php?rest_route=\/wp\/v2\/posts"}],"about":[{"href":"https:\/\/www.egemtv.com\/index.php?rest_route=\/wp\/v2\/types\/post"}],"author":[{"embeddable":true,"href":"https:\/\/www.egemtv.com\/index.php?rest_route=\/wp\/v2\/users\/1"}],"replies":[{"embeddable":true,"href":"https:\/\/www.egemtv.com\/index.php?rest_route=%2Fwp%2Fv2%2Fcomments&post=90450"}],"version-history":[{"count":1,"href":"https:\/\/www.egemtv.com\/index.php?rest_route=\/wp\/v2\/posts\/90450\/revisions"}],"predecessor-version":[{"id":90452,"href":"https:\/\/www.egemtv.com\/index.php?rest_route=\/wp\/v2\/posts\/90450\/revisions\/90452"}],"wp:featuredmedia":[{"embeddable":true,"href":"https:\/\/www.egemtv.com\/index.php?rest_route=\/wp\/v2\/media\/90451"}],"wp:attachment":[{"href":"https:\/\/www.egemtv.com\/index.php?rest_route=%2Fwp%2Fv2%2Fmedia&parent=90450"}],"wp:term":[{"taxonomy":"category","embeddable":true,"href":"https:\/\/www.egemtv.com\/index.php?rest_route=%2Fwp%2Fv2%2Fcategories&post=90450"},{"taxonomy":"post_tag","embeddable":true,"href":"https:\/\/www.egemtv.com\/index.php?rest_route=%2Fwp%2Fv2%2Ftags&post=90450"}],"curies":[{"name":"wp","href":"https:\/\/api.w.org\/{rel}","templated":true}]}}