{"id":90444,"date":"2026-02-25T17:55:52","date_gmt":"2026-02-25T14:55:52","guid":{"rendered":"https:\/\/www.egemtv.com\/?p=90444"},"modified":"2026-02-25T17:55:52","modified_gmt":"2026-02-25T14:55:52","slug":"sehit-pilot-binbasi-ibrahim-bolat-izmirde-son-yolculuguna-ugurlandi","status":"publish","type":"post","link":"https:\/\/www.egemtv.com\/?p=90444","title":{"rendered":"\u015eehit Pilot Binba\u015f\u0131 \u0130brahim Bolat \u0130zmir\u2019de son yolculu\u011funa u\u011furland\u0131"},"content":{"rendered":"<p>Bal\u0131kesir\u2019de e\u011fitim u\u00e7u\u015fu s\u0131ras\u0131nda kaza k\u0131r\u0131ma u\u011frayan F-16 sava\u015f u\u00e7a\u011f\u0131nda \u015fehit olan Pilot Binba\u015f\u0131 \u0130brahim Bolat\u2019\u0131n naa\u015f\u0131 \u0130zmir\u2019de topra\u011fa verildi.<br \/>\n<br \/>Bal\u0131kesir 9. Ana Jet \u00dcss\u00fc\u2019nden gece saat 00.50 s\u0131ralar\u0131nda havalanan F-16 tipi sava\u015f u\u00e7a\u011f\u0131 kalk\u0131\u015ftan 6 dakika sonra Karesi il\u00e7esine ba\u011fl\u0131 Naifli k\u00f6y\u00fc k\u0131rsal\u0131nda kaza k\u0131r\u0131ma u\u011frad\u0131. Kazada Pilot Binba\u015f\u0131 \u0130brahim Bolat \u015fehit oldu. \u015eehit pilotun naa\u015f\u0131 saat 11.00\u2019de Bal\u0131kesir 9. Ana Jet \u00dcss\u00fc\u2019nde d\u00fczenlenen u\u011furlama t\u00f6reninin ard\u0131ndan \u00c7i\u011fli Ana Jet \u00dcss\u00fc\u2019ne getirildi. \u00c7i\u011fli\u2019deki evinde helallik al\u0131nmas\u0131n\u0131n ard\u0131ndan \u015fehit pilotun cenazesi, Kar\u015f\u0131yaka Hac\u0131 Mustafa Be\u015fik\u00e7io\u011flu Camii\u2019ne g\u00f6t\u00fcr\u00fcld\u00fc. \u0130kindi namaz\u0131n\u0131 m\u00fcteakip k\u0131l\u0131nan cenaze namaz\u0131n\u0131n ard\u0131ndan \u015fehidin naa\u015f\u0131 Kadifekale \u015eehitli\u011fi\u2019nde topra\u011fa verildi.<br \/>\n<br \/>T\u00f6rene \u0130zmir Valisi S\u00fcleyman Elban\u2019\u0131n yan\u0131 s\u0131ra siyasi parti temsilcileri, milletvekilleri, belediye ba\u015fkanlar\u0131, askeri erkan, \u015fehidin ailesi, yak\u0131nlar\u0131 ve vatanda\u015flar kat\u0131ld\u0131.<br \/><\/p>\n","protected":false},"excerpt":{"rendered":"<p>Bal\u0131kesir\u2019de e\u011fitim u\u00e7u\u015fu s\u0131ras\u0131nda kaza k\u0131r\u0131ma u\u011frayan F-16 sava\u015f u\u00e7a\u011f\u0131nda \u015fehit olan Pilot Binba\u015f\u0131 \u0130brahim Bolat\u2019\u0131n naa\u015f\u0131 \u0130zmir\u2019de topra\u011fa verildi. Bal\u0131kesir 9. Ana Jet \u00dcss\u00fc\u2019nden gece saat 00.50 s\u0131ralar\u0131nda havalanan F-16 tipi sava\u015f u\u00e7a\u011f\u0131 kalk\u0131\u015ftan 6 dakika sonra Karesi il\u00e7esine ba\u011fl\u0131 Naifli k\u00f6y\u00fc k\u0131rsal\u0131nda kaza k\u0131r\u0131ma u\u011frad\u0131. Kazada Pilot Binba\u015f\u0131 \u0130brahim Bolat \u015fehit oldu. \u015eehit&#8230;<\/p>\n","protected":false},"author":1,"featured_media":90445,"comment_status":"open","ping_status":"open","sticky":false,"template":"","format":"standard","meta":{"_crdt_document":"","footnotes":""},"categories":[5],"tags":[],"class_list":["post-90444","post","type-post","status-publish","format-standard","has-post-thumbnail","hentry","category-asayis"],"_links":{"self":[{"href":"https:\/\/www.egemtv.com\/index.php?rest_route=\/wp\/v2\/posts\/90444","targetHints":{"allow":["GET"]}}],"collection":[{"href":"https:\/\/www.egemtv.com\/index.php?rest_route=\/wp\/v2\/posts"}],"about":[{"href":"https:\/\/www.egemtv.com\/index.php?rest_route=\/wp\/v2\/types\/post"}],"author":[{"embeddable":true,"href":"https:\/\/www.egemtv.com\/index.php?rest_route=\/wp\/v2\/users\/1"}],"replies":[{"embeddable":true,"href":"https:\/\/www.egemtv.com\/index.php?rest_route=%2Fwp%2Fv2%2Fcomments&post=90444"}],"version-history":[{"count":1,"href":"https:\/\/www.egemtv.com\/index.php?rest_route=\/wp\/v2\/posts\/90444\/revisions"}],"predecessor-version":[{"id":90446,"href":"https:\/\/www.egemtv.com\/index.php?rest_route=\/wp\/v2\/posts\/90444\/revisions\/90446"}],"wp:featuredmedia":[{"embeddable":true,"href":"https:\/\/www.egemtv.com\/index.php?rest_route=\/wp\/v2\/media\/90445"}],"wp:attachment":[{"href":"https:\/\/www.egemtv.com\/index.php?rest_route=%2Fwp%2Fv2%2Fmedia&parent=90444"}],"wp:term":[{"taxonomy":"category","embeddable":true,"href":"https:\/\/www.egemtv.com\/index.php?rest_route=%2Fwp%2Fv2%2Fcategories&post=90444"},{"taxonomy":"post_tag","embeddable":true,"href":"https:\/\/www.egemtv.com\/index.php?rest_route=%2Fwp%2Fv2%2Ftags&post=90444"}],"curies":[{"name":"wp","href":"https:\/\/api.w.org\/{rel}","templated":true}]}}