{"id":90441,"date":"2026-02-25T17:15:42","date_gmt":"2026-02-25T14:15:42","guid":{"rendered":"https:\/\/www.egemtv.com\/?p=90441"},"modified":"2026-02-25T17:15:43","modified_gmt":"2026-02-25T14:15:43","slug":"usak-belediyesinden-ihtiyac-sahibi-ailelere-ramazan-ayi-boyunca-kesintisiz-destek","status":"publish","type":"post","link":"https:\/\/www.egemtv.com\/?p=90441","title":{"rendered":"U\u015fak Belediyesinden ihtiya\u00e7 sahibi ailelere ramazan ay\u0131 boyunca kesintisiz destek"},"content":{"rendered":"<p>U\u015fak Belediyesi, Ramazan ay\u0131 boyunca ihtiya\u00e7 sahibi ailelere y\u00f6nelik sosyal destek \u00e7al\u0131\u015fmalar\u0131n\u0131 geni\u015fleterek Ramazan paketi ve s\u0131cak iftar yeme\u011fi da\u011f\u0131t\u0131m\u0131na ba\u015flad\u0131.<br \/>\n<br \/>U\u015fak Belediye Ba\u015fkan\u0131 \u00d6zkan Yal\u0131m\u2019\u0131n g\u00f6reve gelmesiyle birlikte sosyal yard\u0131m politikalar\u0131nda \u00f6nemli bir art\u0131\u015f sa\u011fland\u0131. \u00d6z kaynaklar\u0131n kullan\u0131m\u0131na ili\u015fkin yap\u0131lan do\u011fru planlama ve detayl\u0131 saha \u00e7al\u0131\u015fmalar\u0131 sonucunda, Ramazan ay\u0131 itibar\u0131yla ihtiya\u00e7 sahibi vatanda\u015flara ula\u015ft\u0131r\u0131lan yard\u0131m miktar\u0131 iki kat\u0131na \u00e7\u0131kar\u0131ld\u0131. B\u00f6ylece daha fazla aileye d\u00fczenli ve s\u00fcrd\u00fcr\u00fclebilir destek sunulmas\u0131n\u0131n hedeflendi\u011fini anlatan Ba\u015fkan Yal\u0131m; &#8220;Yard\u0131mlar\u0131m\u0131z\u0131 ula\u015ft\u0131rmadan \u00f6nce \u00e7ok detayl\u0131 bir ara\u015ft\u0131rma yaparak hanelerimizi belirliyoruz. Ekibimdeki arkada\u015flar\u0131m tek tek hane hane geziyor ve t\u00fcm kay\u0131tlar\u0131 inceliyor. Biz belediyemizin \u00f6z kaynaklar\u0131n\u0131 do\u011fru kullanmaya yemin ettik, bu y\u00fczden de yard\u0131mlar\u0131m\u0131z\u0131 \u00f6nceki y\u0131llarda yap\u0131ld\u0131\u011f\u0131 gibi belirli bir \u00e7evreye de\u011fil ger\u00e7ekten ihtiyac\u0131 olan hanelere ula\u015ft\u0131r\u0131yoruz. Bizim i\u00e7in \u00f6nemli olan kad\u0131n, erkek, ya\u015fl\u0131, \u00e7ocuk demeden sofras\u0131n\u0131 dolduramayan dolab\u0131n\u0131 dolduramayan kim varsa ona destek olmak, onun yan\u0131nda olmakt\u0131r. \u00c7ok \u015f\u00fck\u00fcr bu g\u00f6revi de lay\u0131k\u0131yla yerine getiriyoruz, m\u00fcbarek Ramazan ay\u0131nda da ayn\u0131 prensiple \u00e7al\u0131\u015fmaya devam edece\u011fiz&#8221; dedi.<br \/>\n<br \/>\u00d6te yandan Sosyal Yard\u0131m \u0130\u015fleri M\u00fcd\u00fcrl\u00fc\u011f\u00fc koordinesinde y\u00fcr\u00fct\u00fclen \u00e7al\u0131\u015fmalar kapsam\u0131nda, temel g\u0131da \u00fcr\u00fcnlerinden olu\u015fan Ramazan paketlerinin ihtiya\u00e7 sahibi hanelere ula\u015ft\u0131r\u0131ld\u0131\u011f\u0131n\u0131 ifade eden Ba\u015fkan Yal\u0131m; evlerinde yemek haz\u0131rlama imk\u00e2n\u0131 bulunmayan ya da yaln\u0131z ya\u015fayan vatanda\u015flar i\u00e7in s\u0131cak iftar yeme\u011fi da\u011f\u0131t\u0131m\u0131 da ger\u00e7ekle\u015ftirdiklerini s\u00f6yledi. &#8220;Ramazan ay\u0131nda hi\u00e7bir vatanda\u015f\u0131m\u0131z yata\u011fa a\u00e7 girmeyecek. Belediyemizin t\u00fcm imk\u00e2nlar\u0131n\u0131 seferber ederek ihtiya\u00e7 sahibi hem\u015ferilerimizin yan\u0131nda olmaya devam edece\u011fiz &#8221; diye konu\u015fan Yal\u0131m, Ramazan\u2019\u0131n bereketini U\u015fak\u2019ta t\u00fcm U\u015fak halk\u0131yla birlikte ya\u015fayacaklar\u0131n\u0131n alt\u0131n\u0131 \u00e7izdi.<br \/>\n<br \/>T\u00fcm bunlar\u0131n yan\u0131 s\u0131ra sosyal belediyecilik anlay\u0131\u015f\u0131 do\u011frultusunda yaln\u0131zca Ramazan ay\u0131nda de\u011fil, y\u0131l\u0131n her d\u00f6neminde dar gelirli ve dezavantajl\u0131 gruplara y\u00f6nelik destek \u00e7al\u0131\u015fmalar\u0131n\u0131 s\u00fcrd\u00fcrd\u00fcklerini ifade eden Yal\u0131m, Ramazan ay\u0131 boyunca artarak devam edecek olan yard\u0131mlarla, kentte birlik ve beraberlik duygusunun daha da g\u00fc\u00e7lendirilmesini ama\u00e7lad\u0131klar\u0131n\u0131 kaydetti.<br \/>\n<br \/>Ayr\u0131ca U\u015fak Belediyesi olarak kent genelinde farkl\u0131 mahallelerde ger\u00e7ekle\u015ftirecekleri toplu iftar yemekleriyle birlik ve beraberlik duygusunu daha da peki\u015ftireceklerini vurgulayan Yal\u0131m, t\u00fcm vatanda\u015flar\u0131 bu m\u00fcbarek ayda ihtiya\u00e7 sahibi ki\u015filere yard\u0131m eli uzatmaya davet etti.<br \/><\/p>\n","protected":false},"excerpt":{"rendered":"<p>U\u015fak Belediyesi, Ramazan ay\u0131 boyunca ihtiya\u00e7 sahibi ailelere y\u00f6nelik sosyal destek \u00e7al\u0131\u015fmalar\u0131n\u0131 geni\u015fleterek Ramazan paketi ve s\u0131cak iftar yeme\u011fi da\u011f\u0131t\u0131m\u0131na ba\u015flad\u0131. U\u015fak Belediye Ba\u015fkan\u0131 \u00d6zkan Yal\u0131m\u2019\u0131n g\u00f6reve gelmesiyle birlikte sosyal yard\u0131m politikalar\u0131nda \u00f6nemli bir art\u0131\u015f sa\u011fland\u0131. \u00d6z kaynaklar\u0131n kullan\u0131m\u0131na ili\u015fkin yap\u0131lan do\u011fru planlama ve detayl\u0131 saha \u00e7al\u0131\u015fmalar\u0131 sonucunda, Ramazan ay\u0131 itibar\u0131yla ihtiya\u00e7 sahibi vatanda\u015flara ula\u015ft\u0131r\u0131lan&#8230;<\/p>\n","protected":false},"author":1,"featured_media":90442,"comment_status":"open","ping_status":"open","sticky":false,"template":"","format":"standard","meta":{"_crdt_document":"","footnotes":""},"categories":[123],"tags":[],"class_list":["post-90441","post","type-post","status-publish","format-standard","has-post-thumbnail","hentry","category-gundem"],"_links":{"self":[{"href":"https:\/\/www.egemtv.com\/index.php?rest_route=\/wp\/v2\/posts\/90441","targetHints":{"allow":["GET"]}}],"collection":[{"href":"https:\/\/www.egemtv.com\/index.php?rest_route=\/wp\/v2\/posts"}],"about":[{"href":"https:\/\/www.egemtv.com\/index.php?rest_route=\/wp\/v2\/types\/post"}],"author":[{"embeddable":true,"href":"https:\/\/www.egemtv.com\/index.php?rest_route=\/wp\/v2\/users\/1"}],"replies":[{"embeddable":true,"href":"https:\/\/www.egemtv.com\/index.php?rest_route=%2Fwp%2Fv2%2Fcomments&post=90441"}],"version-history":[{"count":1,"href":"https:\/\/www.egemtv.com\/index.php?rest_route=\/wp\/v2\/posts\/90441\/revisions"}],"predecessor-version":[{"id":90443,"href":"https:\/\/www.egemtv.com\/index.php?rest_route=\/wp\/v2\/posts\/90441\/revisions\/90443"}],"wp:featuredmedia":[{"embeddable":true,"href":"https:\/\/www.egemtv.com\/index.php?rest_route=\/wp\/v2\/media\/90442"}],"wp:attachment":[{"href":"https:\/\/www.egemtv.com\/index.php?rest_route=%2Fwp%2Fv2%2Fmedia&parent=90441"}],"wp:term":[{"taxonomy":"category","embeddable":true,"href":"https:\/\/www.egemtv.com\/index.php?rest_route=%2Fwp%2Fv2%2Fcategories&post=90441"},{"taxonomy":"post_tag","embeddable":true,"href":"https:\/\/www.egemtv.com\/index.php?rest_route=%2Fwp%2Fv2%2Ftags&post=90441"}],"curies":[{"name":"wp","href":"https:\/\/api.w.org\/{rel}","templated":true}]}}