{"id":90333,"date":"2026-02-25T13:34:56","date_gmt":"2026-02-25T10:34:56","guid":{"rendered":"https:\/\/www.egemtv.com\/?p=90333"},"modified":"2026-02-25T13:34:57","modified_gmt":"2026-02-25T10:34:57","slug":"afyonkarahisarda-topragini-tani-verimini-artir-etkinligi","status":"publish","type":"post","link":"https:\/\/www.egemtv.com\/?p=90333","title":{"rendered":"Afyonkarahisar\u2019da \u2019Topra\u011f\u0131n\u0131 Tan\u0131, Verimini Art\u0131r\u2019 etkinli\u011fi"},"content":{"rendered":"<p>Afyonkarahisar Tar\u0131m ve Orman \u0130l M\u00fcd\u00fcrl\u00fc\u011f\u00fc taraf\u0131ndan \u00fcr\u00fcn rekolte ve kalitesini artt\u0131rmak amac\u0131yla  \u2019Topra\u011f\u0131n\u0131 Tan\u0131, Verimini Art\u0131r\u2019 etkinli\u011fi ger\u00e7ekle\u015ftirildi.<br \/>\n<br \/>Etkinlik I\u015f\u0131klar beldesinde ger\u00e7ekle\u015ftirildi. Etkinlikte kurum personelleri \u00e7ift\u00e7ilere toprak ve sulama suyu analizinin \u00f6nemini, do\u011fru g\u00fcbreleme ile verim art\u0131\u015f\u0131 konular\u0131nda bilgilendirme yapt\u0131. Etkinli\u011fin ard\u0131ndan yap\u0131lan yaz\u0131l\u0131 a\u00e7\u0131klamada ise &#8220;Hedefimiz birim alandan en y\u00fcksek ve en kaliteli \u00fcr\u00fcn\u00fc almak. Modern tar\u0131m teknikleriyle gelece\u011fimizi birlikte in\u015fa ediyoruz&#8221; ifadelerine yer verildi.<br \/><\/p>\n","protected":false},"excerpt":{"rendered":"<p>Afyonkarahisar Tar\u0131m ve Orman \u0130l M\u00fcd\u00fcrl\u00fc\u011f\u00fc taraf\u0131ndan \u00fcr\u00fcn rekolte ve kalitesini artt\u0131rmak amac\u0131yla \u2019Topra\u011f\u0131n\u0131 Tan\u0131, Verimini Art\u0131r\u2019 etkinli\u011fi ger\u00e7ekle\u015ftirildi. Etkinlik I\u015f\u0131klar beldesinde ger\u00e7ekle\u015ftirildi. Etkinlikte kurum personelleri \u00e7ift\u00e7ilere toprak ve sulama suyu analizinin \u00f6nemini, do\u011fru g\u00fcbreleme ile verim art\u0131\u015f\u0131 konular\u0131nda bilgilendirme yapt\u0131. Etkinli\u011fin ard\u0131ndan yap\u0131lan yaz\u0131l\u0131 a\u00e7\u0131klamada ise &#8220;Hedefimiz birim alandan en y\u00fcksek ve en kaliteli&#8230;<\/p>\n","protected":false},"author":1,"featured_media":90334,"comment_status":"open","ping_status":"open","sticky":false,"template":"","format":"standard","meta":{"_crdt_document":"","footnotes":""},"categories":[1],"tags":[],"class_list":["post-90333","post","type-post","status-publish","format-standard","has-post-thumbnail","hentry","category-guncel"],"_links":{"self":[{"href":"https:\/\/www.egemtv.com\/index.php?rest_route=\/wp\/v2\/posts\/90333","targetHints":{"allow":["GET"]}}],"collection":[{"href":"https:\/\/www.egemtv.com\/index.php?rest_route=\/wp\/v2\/posts"}],"about":[{"href":"https:\/\/www.egemtv.com\/index.php?rest_route=\/wp\/v2\/types\/post"}],"author":[{"embeddable":true,"href":"https:\/\/www.egemtv.com\/index.php?rest_route=\/wp\/v2\/users\/1"}],"replies":[{"embeddable":true,"href":"https:\/\/www.egemtv.com\/index.php?rest_route=%2Fwp%2Fv2%2Fcomments&post=90333"}],"version-history":[{"count":1,"href":"https:\/\/www.egemtv.com\/index.php?rest_route=\/wp\/v2\/posts\/90333\/revisions"}],"predecessor-version":[{"id":90335,"href":"https:\/\/www.egemtv.com\/index.php?rest_route=\/wp\/v2\/posts\/90333\/revisions\/90335"}],"wp:featuredmedia":[{"embeddable":true,"href":"https:\/\/www.egemtv.com\/index.php?rest_route=\/wp\/v2\/media\/90334"}],"wp:attachment":[{"href":"https:\/\/www.egemtv.com\/index.php?rest_route=%2Fwp%2Fv2%2Fmedia&parent=90333"}],"wp:term":[{"taxonomy":"category","embeddable":true,"href":"https:\/\/www.egemtv.com\/index.php?rest_route=%2Fwp%2Fv2%2Fcategories&post=90333"},{"taxonomy":"post_tag","embeddable":true,"href":"https:\/\/www.egemtv.com\/index.php?rest_route=%2Fwp%2Fv2%2Ftags&post=90333"}],"curies":[{"name":"wp","href":"https:\/\/api.w.org\/{rel}","templated":true}]}}