{"id":90330,"date":"2026-02-25T13:34:55","date_gmt":"2026-02-25T10:34:55","guid":{"rendered":"https:\/\/www.egemtv.com\/?p=90330"},"modified":"2026-02-25T13:34:56","modified_gmt":"2026-02-25T10:34:56","slug":"tavsanlida-kiyafetlerle-yoresel-kultur-ruzgari","status":"publish","type":"post","link":"https:\/\/www.egemtv.com\/?p=90330","title":{"rendered":"Tav\u015fanl\u0131\u2019da k\u0131yafetlerle y\u00f6resel k\u00fclt\u00fcr r\u00fczgar\u0131"},"content":{"rendered":"<p>K\u00fctahya\u2019n\u0131n Tav\u015fanl\u0131 il\u00e7esinde, yerel y\u00f6netim ve sivil toplum kurulu\u015flar\u0131n\u0131n i\u015f birli\u011fiyle d\u00fczenlenen etkinlikte, Anadolu\u2019nun zengin k\u00fclt\u00fcrel miras\u0131 gen\u00e7 nesillere ve \u00f6\u011frencilere tan\u0131t\u0131ld\u0131. \u015ealvarlardan \u00e7itili yazmalara kadar pek \u00e7ok y\u00f6resel k\u0131yafetin sergilendi\u011fi gecede, k\u0131na gecesi canland\u0131rmas\u0131 b\u00fcy\u00fck ilgi g\u00f6rd\u00fc.<br \/>\n<br \/>Tav\u015fanl\u0131 Sosyal Tesisleri\u2019nde d\u00fczenlenen programda, T\u00fcrkiye\u2019nin d\u00f6rt bir yan\u0131ndan gelen \u00fcniversite \u00f6\u011frencilerine il\u00e7enin ve Anadolu\u2019nun k\u00fclt\u00fcrel zenginlikleri anlat\u0131ld\u0131. Tav\u015fanl\u0131 Meslek Y\u00fcksekokulu \u00f6\u011frencilerinin destekleriyle haz\u0131rlanan \u00f6zel defilede; Anadolu k\u00fclt\u00fcr\u00fcn\u00fcn vazge\u00e7ilmez par\u00e7alar\u0131 olan \u015falvarlar, el eme\u011fi g\u00f6z nuru \u00e7itili yazmalar ve y\u00f6resel i\u015flemeli k\u0131yafetler podyuma ta\u015f\u0131nd\u0131. T\u00fcrkiye\u2019nin farkl\u0131 illerinden Tav\u015fanl\u0131\u2019ya e\u011fitim i\u00e7in gelen \u00f6\u011frenciler, ilk kez yak\u0131ndan g\u00f6rd\u00fckleri bu k\u0131yafetlere hayran kald\u0131.<br \/>\n<br \/>Gecede sadece k\u0131yafetler de\u011fil, geleneksel rit\u00fceller de ya\u015fat\u0131ld\u0131. Y\u00f6re t\u00fcrk\u00fcleri e\u015fli\u011finde sergilenen ka\u015f\u0131k oyunlar\u0131 izleyicilerden tam not al\u0131rken, program\u0131n en dikkat \u00e7ekici an\u0131 ise k\u0131na gecesi canland\u0131rmas\u0131 oldu. Geleneksel adetlere uygun olarak ger\u00e7ekle\u015ftirilen canland\u0131rma, konuklara duygusal ve e\u011flenceli anlar ya\u015fatt\u0131.<br \/>\n<br \/>Organizasyon payda\u015flar\u0131, bu t\u00fcr etkinliklerin k\u00fclt\u00fcrel ba\u011flar\u0131 g\u00fc\u00e7lendirdi\u011fini belirterek, \u00f6zellikle d\u0131\u015far\u0131dan gelen \u00f6\u011frencilerin Tav\u015fanl\u0131 k\u00fclt\u00fcr\u00fcn\u00fc tan\u0131mas\u0131n\u0131n \u00f6nemine vurgu yapt\u0131. Kat\u0131l\u0131mc\u0131lar, eme\u011fi ge\u00e7en t\u00fcm kurumlara te\u015fekk\u00fcr ederek bu t\u00fcr faaliyetlerin devam etmesi temennisinde bulundu.<br \/>\n<br \/>Program, toplu foto\u011fraf \u00e7ekimi ve y\u00f6resel ikramlar\u0131n ard\u0131ndan sona erdi.<br \/><\/p>\n","protected":false},"excerpt":{"rendered":"<p>K\u00fctahya\u2019n\u0131n Tav\u015fanl\u0131 il\u00e7esinde, yerel y\u00f6netim ve sivil toplum kurulu\u015flar\u0131n\u0131n i\u015f birli\u011fiyle d\u00fczenlenen etkinlikte, Anadolu\u2019nun zengin k\u00fclt\u00fcrel miras\u0131 gen\u00e7 nesillere ve \u00f6\u011frencilere tan\u0131t\u0131ld\u0131. \u015ealvarlardan \u00e7itili yazmalara kadar pek \u00e7ok y\u00f6resel k\u0131yafetin sergilendi\u011fi gecede, k\u0131na gecesi canland\u0131rmas\u0131 b\u00fcy\u00fck ilgi g\u00f6rd\u00fc. Tav\u015fanl\u0131 Sosyal Tesisleri\u2019nde d\u00fczenlenen programda, T\u00fcrkiye\u2019nin d\u00f6rt bir yan\u0131ndan gelen \u00fcniversite \u00f6\u011frencilerine il\u00e7enin ve Anadolu\u2019nun k\u00fclt\u00fcrel zenginlikleri&#8230;<\/p>\n","protected":false},"author":1,"featured_media":90331,"comment_status":"open","ping_status":"open","sticky":false,"template":"","format":"standard","meta":{"_crdt_document":"","footnotes":""},"categories":[1],"tags":[],"class_list":["post-90330","post","type-post","status-publish","format-standard","has-post-thumbnail","hentry","category-guncel"],"_links":{"self":[{"href":"https:\/\/www.egemtv.com\/index.php?rest_route=\/wp\/v2\/posts\/90330","targetHints":{"allow":["GET"]}}],"collection":[{"href":"https:\/\/www.egemtv.com\/index.php?rest_route=\/wp\/v2\/posts"}],"about":[{"href":"https:\/\/www.egemtv.com\/index.php?rest_route=\/wp\/v2\/types\/post"}],"author":[{"embeddable":true,"href":"https:\/\/www.egemtv.com\/index.php?rest_route=\/wp\/v2\/users\/1"}],"replies":[{"embeddable":true,"href":"https:\/\/www.egemtv.com\/index.php?rest_route=%2Fwp%2Fv2%2Fcomments&post=90330"}],"version-history":[{"count":1,"href":"https:\/\/www.egemtv.com\/index.php?rest_route=\/wp\/v2\/posts\/90330\/revisions"}],"predecessor-version":[{"id":90332,"href":"https:\/\/www.egemtv.com\/index.php?rest_route=\/wp\/v2\/posts\/90330\/revisions\/90332"}],"wp:featuredmedia":[{"embeddable":true,"href":"https:\/\/www.egemtv.com\/index.php?rest_route=\/wp\/v2\/media\/90331"}],"wp:attachment":[{"href":"https:\/\/www.egemtv.com\/index.php?rest_route=%2Fwp%2Fv2%2Fmedia&parent=90330"}],"wp:term":[{"taxonomy":"category","embeddable":true,"href":"https:\/\/www.egemtv.com\/index.php?rest_route=%2Fwp%2Fv2%2Fcategories&post=90330"},{"taxonomy":"post_tag","embeddable":true,"href":"https:\/\/www.egemtv.com\/index.php?rest_route=%2Fwp%2Fv2%2Ftags&post=90330"}],"curies":[{"name":"wp","href":"https:\/\/api.w.org\/{rel}","templated":true}]}}