{"id":90324,"date":"2026-02-25T13:34:53","date_gmt":"2026-02-25T10:34:53","guid":{"rendered":"https:\/\/www.egemtv.com\/?p=90324"},"modified":"2026-02-25T13:34:54","modified_gmt":"2026-02-25T10:34:54","slug":"kaymakam-altuntas-drone-ile-gubreleme-calismalarini-inceledi","status":"publish","type":"post","link":"https:\/\/www.egemtv.com\/?p=90324","title":{"rendered":"Kaymakam Altunta\u015f drone ile g\u00fcbreleme \u00e7al\u0131\u015fmalar\u0131n\u0131 inceledi"},"content":{"rendered":"<p>Manisa\u2019n\u0131n Kula il\u00e7esinde ba\u015flat\u0131lan dron destekli g\u00fcbreleme uygulamas\u0131yla tar\u0131mda maliyetlerin d\u00fc\u015f\u00fcr\u00fclmesi, verimlili\u011fin art\u0131r\u0131lmas\u0131 ve modern \u00fcretim tekniklerinin yayg\u0131nla\u015ft\u0131r\u0131lmas\u0131 hedefleniyor.<br \/>\n<br \/>Manisa\u2019n\u0131n Kula il\u00e7esine ba\u011fl\u0131 K\u00f6rez Mahallesi\u2019nde tar\u0131m arazilerinde ba\u015flat\u0131lan dron destekli g\u00fcbreleme \u00e7al\u0131\u015fmalar\u0131 d\u00fczenlenen programla yerinde incelendi. Modern tar\u0131m tekniklerinin yayg\u0131nla\u015ft\u0131r\u0131lmas\u0131 amac\u0131yla hayata ge\u00e7irilen uygulama kapsam\u0131nda 3 adet zirai ila\u00e7lama dronu ile \u00fcretim alanlar\u0131nda etkin m\u00fccadele y\u00fcr\u00fct\u00fclece\u011fi bildirildi. \u0130nceleme program\u0131na Kula Kaymakam\u0131 Talha Altunta\u015f, Kula Ziraat Odas\u0131 Ba\u015fkan\u0131 Nuri Topal, Kula \u0130l\u00e7e Tar\u0131m ve Orman M\u00fcd\u00fcr\u00fc Davut \u00d6zel ile K\u00f6rez Mahalle Muhtar\u0131 Ali \u00c7\u0131plak kat\u0131ld\u0131. Programda drone ile g\u00fcbreleme \u00f6ncesi haz\u0131rl\u0131k s\u00fcreci, ila\u00e7 kar\u0131\u015f\u0131m oranlar\u0131, u\u00e7u\u015f planlamas\u0131 ve uygulama a\u015famalar\u0131 detayl\u0131 \u015fekilde de\u011ferlendirildi.<br \/>\n<br \/>Kula Ziraat Odas\u0131 Ba\u015fkan\u0131 Nuri Topal, \u00e7ift\u00e7ilerle s\u00fcrekli isti\u015fare halinde olduklar\u0131n\u0131 belirterek, &#8220;Sahadaki ihtiya\u00e7 ve beklentileri yerinde de\u011ferlendiriyoruz. Tar\u0131mda i\u015fleri kolayla\u015ft\u0131racak, maliyetleri d\u00fc\u015f\u00fcrecek ve verimi art\u0131racak yenilikleri yak\u0131ndan takip ediyoruz. Dron ile g\u00fcbreleme de bu anlamda \u00f6nemli bir ad\u0131md\u0131r. \u00dcreticilerimize daha uygun \u015fartlarda hizmet sunulabilmesi i\u00e7in firmalarla g\u00f6r\u00fc\u015fmelerimiz s\u00fcr\u00fcyor. Amac\u0131m\u0131z Kula\u2019daki \u00e7ift\u00e7imizin modern tar\u0131m imk\u00e2nlar\u0131ndan en iyi \u015fekilde faydalanmas\u0131n\u0131 sa\u011flamakt\u0131r&#8221; dedi.<br \/>\n<br \/>Kaymakam Talha Altunta\u015f ise teknolojinin tar\u0131msal \u00fcretimde etkin kullan\u0131m\u0131n\u0131n \u00f6nemine dikkat \u00e7ekerek, drone destekli uygulamalar\u0131n bitki sa\u011fl\u0131\u011f\u0131n\u0131n korunmas\u0131, verim kayb\u0131n\u0131n \u00f6nlenmesi ve maliyetlerin azalt\u0131lmas\u0131 a\u00e7\u0131s\u0131ndan \u00f6nemli avantajlar sundu\u011funu ifade etti. Altunta\u015f, kamu kurumlar\u0131n\u0131n \u00fcreticinin yan\u0131nda olmaya devam edece\u011fini vurgulad\u0131.<br \/>\n<br \/>Programda ayr\u0131ca dron teknolojisinin geni\u015f arazilerde h\u0131zl\u0131 ve homojen uygulama imk\u00e2n\u0131 sundu\u011fu, zor arazi \u015fartlar\u0131nda dahi etkili sonu\u00e7 verdi\u011fi ve ila\u00e7 kullan\u0131m\u0131n\u0131 optimize ederek \u00e7evresel riskleri azaltt\u0131\u011f\u0131 belirtildi. \u00dcreticiler de uygulamadan memnuniyet duyduklar\u0131n\u0131 ifade ederek bu t\u00fcr teknolojik desteklerin yayg\u0131nla\u015fmas\u0131n\u0131n \u00fcretime olumlu katk\u0131 sa\u011flayaca\u011f\u0131n\u0131 dile getirdi.<br \/>\n<br \/>K\u00f6rez Mahallesi\u2019nde ba\u015flat\u0131lan drone destekli uygulaman\u0131n ilerleyen s\u00fcre\u00e7te Kula\u2019n\u0131n di\u011fer mahallelerinde de yayg\u0131nla\u015ft\u0131r\u0131lmas\u0131n\u0131n planland\u0131\u011f\u0131 \u00f6\u011frenildi. \u0130l\u00e7ede modern tar\u0131m tekniklerinin sahada yayg\u0131nla\u015ft\u0131r\u0131lmas\u0131yla verimlili\u011fin art\u0131r\u0131lmas\u0131 ve s\u00fcrd\u00fcr\u00fclebilir \u00fcretimin g\u00fc\u00e7lendirilmesi hedefleniyor.<br \/><\/p>\n","protected":false},"excerpt":{"rendered":"<p>Manisa\u2019n\u0131n Kula il\u00e7esinde ba\u015flat\u0131lan dron destekli g\u00fcbreleme uygulamas\u0131yla tar\u0131mda maliyetlerin d\u00fc\u015f\u00fcr\u00fclmesi, verimlili\u011fin art\u0131r\u0131lmas\u0131 ve modern \u00fcretim tekniklerinin yayg\u0131nla\u015ft\u0131r\u0131lmas\u0131 hedefleniyor. Manisa\u2019n\u0131n Kula il\u00e7esine ba\u011fl\u0131 K\u00f6rez Mahallesi\u2019nde tar\u0131m arazilerinde ba\u015flat\u0131lan dron destekli g\u00fcbreleme \u00e7al\u0131\u015fmalar\u0131 d\u00fczenlenen programla yerinde incelendi. Modern tar\u0131m tekniklerinin yayg\u0131nla\u015ft\u0131r\u0131lmas\u0131 amac\u0131yla hayata ge\u00e7irilen uygulama kapsam\u0131nda 3 adet zirai ila\u00e7lama dronu ile \u00fcretim alanlar\u0131nda etkin m\u00fccadele&#8230;<\/p>\n","protected":false},"author":1,"featured_media":90325,"comment_status":"open","ping_status":"open","sticky":false,"template":"","format":"standard","meta":{"_crdt_document":"","footnotes":""},"categories":[125],"tags":[],"class_list":["post-90324","post","type-post","status-publish","format-standard","has-post-thumbnail","hentry","category-ekonomi"],"_links":{"self":[{"href":"https:\/\/www.egemtv.com\/index.php?rest_route=\/wp\/v2\/posts\/90324","targetHints":{"allow":["GET"]}}],"collection":[{"href":"https:\/\/www.egemtv.com\/index.php?rest_route=\/wp\/v2\/posts"}],"about":[{"href":"https:\/\/www.egemtv.com\/index.php?rest_route=\/wp\/v2\/types\/post"}],"author":[{"embeddable":true,"href":"https:\/\/www.egemtv.com\/index.php?rest_route=\/wp\/v2\/users\/1"}],"replies":[{"embeddable":true,"href":"https:\/\/www.egemtv.com\/index.php?rest_route=%2Fwp%2Fv2%2Fcomments&post=90324"}],"version-history":[{"count":1,"href":"https:\/\/www.egemtv.com\/index.php?rest_route=\/wp\/v2\/posts\/90324\/revisions"}],"predecessor-version":[{"id":90326,"href":"https:\/\/www.egemtv.com\/index.php?rest_route=\/wp\/v2\/posts\/90324\/revisions\/90326"}],"wp:featuredmedia":[{"embeddable":true,"href":"https:\/\/www.egemtv.com\/index.php?rest_route=\/wp\/v2\/media\/90325"}],"wp:attachment":[{"href":"https:\/\/www.egemtv.com\/index.php?rest_route=%2Fwp%2Fv2%2Fmedia&parent=90324"}],"wp:term":[{"taxonomy":"category","embeddable":true,"href":"https:\/\/www.egemtv.com\/index.php?rest_route=%2Fwp%2Fv2%2Fcategories&post=90324"},{"taxonomy":"post_tag","embeddable":true,"href":"https:\/\/www.egemtv.com\/index.php?rest_route=%2Fwp%2Fv2%2Ftags&post=90324"}],"curies":[{"name":"wp","href":"https:\/\/api.w.org\/{rel}","templated":true}]}}