{"id":90321,"date":"2026-02-25T13:14:54","date_gmt":"2026-02-25T10:14:54","guid":{"rendered":"https:\/\/www.egemtv.com\/?p=90321"},"modified":"2026-02-25T13:14:55","modified_gmt":"2026-02-25T10:14:55","slug":"altintasta-okul-sanayi-is-birligini-guclendirme-calismalari","status":"publish","type":"post","link":"https:\/\/www.egemtv.com\/?p=90321","title":{"rendered":"Alt\u0131nta\u015f\u2019ta okul-sanayi i\u015f birli\u011fini g\u00fc\u00e7lendirme \u00e7al\u0131\u015fmalar\u0131"},"content":{"rendered":"<p>K\u00fctahya\u2019n\u0131n Alt\u0131nta\u015f il\u00e7esinde Hamilik Protokol\u00fc kapsam\u0131nda, bir plastik firmas\u0131na okul-sanayi i\u015f birli\u011fini g\u00fc\u00e7lendirmeye y\u00f6nelik ziyaret ger\u00e7ekle\u015ftirildi.<br \/>\n<br \/>Alt\u0131nta\u015f \u0130l\u00e7e Milli E\u011fitim M\u00fcd\u00fcrl\u00fc\u011f\u00fc \u00f6nc\u00fcl\u00fc\u011f\u00fcnde d\u00fczenlenen programda \u0130l\u00e7e Milli E\u011fitim M\u00fcd\u00fcr\u00fc Tuba Sinan, \u015eehit Polis Elvan \u00d6zbay Mesleki ve Teknik Anadolu Lisesi Okul M\u00fcd\u00fcr\u00fc Ebru \u0130nci Beyribey ve alan \u00f6\u011fretmenleriyle birlikte il\u00e7ede faaliyet g\u00f6steren bir plastik firmas\u0131n\u0131 ziyaret etti.<br \/>\n<br \/>Ger\u00e7ekle\u015ftirilen ziyarette okul-sanayi i\u015f birli\u011finin geli\u015ftirilmesi, \u00f6\u011frencilerin mesleki geli\u015fimlerine katk\u0131 sa\u011flayacak uygulamal\u0131 e\u011fitim imk\u00e2nlar\u0131 ve sekt\u00f6rle y\u00fcr\u00fct\u00fclebilecek ortak projeler \u00fczerine isti\u015farelerde bulunuldu. Alan \u00f6\u011fretmenleri, \u00fcretim s\u00fcre\u00e7lerini yerinde inceleyerek sekt\u00f6rel geli\u015fmeleri g\u00f6zlemleme f\u0131rsat\u0131 buldu.<br \/>\n<br \/>Ziyaretin, \u00f6\u011frencilerin mesleki yeterliliklerini art\u0131rmaya ve i\u015f d\u00fcnyas\u0131na daha donan\u0131ml\u0131 bireyler olarak haz\u0131rlanmas\u0131na katk\u0131 sa\u011flayacak \u00f6nemli bir ad\u0131m oldu\u011fu belirtildi.<br \/>\n<br \/>Yetkililer, mesleki e\u011fitimde g\u00fc\u00e7l\u00fc i\u015f birlikleri kurarak gelece\u011fe de\u011fer katmaya devam edeceklerini ifade etti.<br \/><\/p>\n","protected":false},"excerpt":{"rendered":"<p>K\u00fctahya\u2019n\u0131n Alt\u0131nta\u015f il\u00e7esinde Hamilik Protokol\u00fc kapsam\u0131nda, bir plastik firmas\u0131na okul-sanayi i\u015f birli\u011fini g\u00fc\u00e7lendirmeye y\u00f6nelik ziyaret ger\u00e7ekle\u015ftirildi. Alt\u0131nta\u015f \u0130l\u00e7e Milli E\u011fitim M\u00fcd\u00fcrl\u00fc\u011f\u00fc \u00f6nc\u00fcl\u00fc\u011f\u00fcnde d\u00fczenlenen programda \u0130l\u00e7e Milli E\u011fitim M\u00fcd\u00fcr\u00fc Tuba Sinan, \u015eehit Polis Elvan \u00d6zbay Mesleki ve Teknik Anadolu Lisesi Okul M\u00fcd\u00fcr\u00fc Ebru \u0130nci Beyribey ve alan \u00f6\u011fretmenleriyle birlikte il\u00e7ede faaliyet g\u00f6steren bir plastik firmas\u0131n\u0131 ziyaret&#8230;<\/p>\n","protected":false},"author":1,"featured_media":90322,"comment_status":"open","ping_status":"open","sticky":false,"template":"","format":"standard","meta":{"_crdt_document":"","footnotes":""},"categories":[125],"tags":[],"class_list":["post-90321","post","type-post","status-publish","format-standard","has-post-thumbnail","hentry","category-ekonomi"],"_links":{"self":[{"href":"https:\/\/www.egemtv.com\/index.php?rest_route=\/wp\/v2\/posts\/90321","targetHints":{"allow":["GET"]}}],"collection":[{"href":"https:\/\/www.egemtv.com\/index.php?rest_route=\/wp\/v2\/posts"}],"about":[{"href":"https:\/\/www.egemtv.com\/index.php?rest_route=\/wp\/v2\/types\/post"}],"author":[{"embeddable":true,"href":"https:\/\/www.egemtv.com\/index.php?rest_route=\/wp\/v2\/users\/1"}],"replies":[{"embeddable":true,"href":"https:\/\/www.egemtv.com\/index.php?rest_route=%2Fwp%2Fv2%2Fcomments&post=90321"}],"version-history":[{"count":1,"href":"https:\/\/www.egemtv.com\/index.php?rest_route=\/wp\/v2\/posts\/90321\/revisions"}],"predecessor-version":[{"id":90323,"href":"https:\/\/www.egemtv.com\/index.php?rest_route=\/wp\/v2\/posts\/90321\/revisions\/90323"}],"wp:featuredmedia":[{"embeddable":true,"href":"https:\/\/www.egemtv.com\/index.php?rest_route=\/wp\/v2\/media\/90322"}],"wp:attachment":[{"href":"https:\/\/www.egemtv.com\/index.php?rest_route=%2Fwp%2Fv2%2Fmedia&parent=90321"}],"wp:term":[{"taxonomy":"category","embeddable":true,"href":"https:\/\/www.egemtv.com\/index.php?rest_route=%2Fwp%2Fv2%2Fcategories&post=90321"},{"taxonomy":"post_tag","embeddable":true,"href":"https:\/\/www.egemtv.com\/index.php?rest_route=%2Fwp%2Fv2%2Ftags&post=90321"}],"curies":[{"name":"wp","href":"https:\/\/api.w.org\/{rel}","templated":true}]}}