{"id":90318,"date":"2026-02-25T13:14:53","date_gmt":"2026-02-25T10:14:53","guid":{"rendered":"https:\/\/www.egemtv.com\/?p=90318"},"modified":"2026-02-25T13:14:54","modified_gmt":"2026-02-25T10:14:54","slug":"kadin-fotografcilardan-adi-mutluluk-sergisi","status":"publish","type":"post","link":"https:\/\/www.egemtv.com\/?p=90318","title":{"rendered":"Kad\u0131n foto\u011fraf\u00e7\u0131lardan \u2019Ad\u0131 Mutluluk\u2019 sergisi"},"content":{"rendered":"<p>Laodikya Foto\u011fraf Toplulu\u011fu (LAFOT) \u00fcyesi kad\u0131n foto\u011fraf\u00e7\u0131lar\u0131n \u00e7ekti\u011fi 65 eser, &#8220;Ad\u0131 Mutluluk&#8221; slogan\u0131yla 27 \u015eubat\u2019ta Denizli B\u00fcy\u00fck\u015fehir Belediyesi Turan Bahad\u0131r Sergi Salonu\u2019nda sanatseverlerle bulu\u015facak.<\/p>\n<p>Laodikya Foto\u011fraf Toplulu\u011fu (LAFOT) b\u00fcnyesindeki kad\u0131n foto\u011fraf\u00e7\u0131lar taraf\u0131ndan haz\u0131rlanan &#8220;Ad\u0131 Mutluluk&#8221; adl\u0131 foto\u011fraf sergisi, 27 \u015eubat 2026 Cuma g\u00fcn\u00fc saat 17.00\u2019de kap\u0131lar\u0131n\u0131 a\u00e7\u0131yor. Sergi, Denizli B\u00fcy\u00fck\u015fehir Belediyesi Turan Bahad\u0131r Sergi Salonu\u2019nda 5 Mart 2026 ak\u015fam\u0131na kadar ziyaret edilebilecek. \u0130mece usul\u00fcyle haz\u0131rlanan sergide, 17 kad\u0131n foto\u011fraf\u00e7\u0131n\u0131n toplam 65 eseri yer al\u0131yor. Yurt i\u00e7i ve yurt d\u0131\u015f\u0131nda \u00e7ekilen karelerde, kad\u0131nlar\u0131n mutlu anlar\u0131 objektiflere yans\u0131yor.<\/p>\n<p>LAFOT \u00fcyesi kad\u0131n foto\u011fraf\u00e7\u0131lar, serginin \u00e7\u0131k\u0131\u015f amac\u0131n\u0131 \u015fu s\u00f6zlerle ifade etti: &#8220;Kad\u0131nlar\u0131n yo\u011fun olarak bask\u0131 ve \u015fiddete maruz kald\u0131\u011f\u0131 g\u00fcn\u00fcm\u00fczde kad\u0131n\u0131n mutlulu\u011funa dair bir serginin a\u00e7\u0131lmas\u0131n\u0131 \u00f6nemli buluyoruz. Konuya biraz da kendi penceremizden pozitif bak\u0131\u015fla yakla\u015fmak istedik. Bu sergi, \u2018D\u00fcnya Emek\u00e7i Kad\u0131nlar G\u00fcn\u00fc\u2019 \u00f6ncesi toplumumuzda kad\u0131na bi\u00e7ilmek istenen role kar\u015f\u0131 bir duru\u015f anlam\u0131 ta\u015f\u0131maktad\u0131r. Kad\u0131n\u0131n hep \u00e7aresiz, savunmas\u0131z ve mutsuz g\u00f6sterilmesinin haks\u0131zl\u0131k oldu\u011fu, kad\u0131n\u0131n da bir insan olarak mutlu olma hakk\u0131n\u0131n varl\u0131\u011f\u0131na vurgu yapmak istiyoruz.&#8221;<br \/>\n<br \/>LAFOT y\u00f6netimi, &#8220;Ad\u0131 Mutluluk&#8221; foto\u011fraf sergisine t\u00fcm vatanda\u015flar\u0131 davet etti.<br \/><\/p>\n","protected":false},"excerpt":{"rendered":"<p>Laodikya Foto\u011fraf Toplulu\u011fu (LAFOT) \u00fcyesi kad\u0131n foto\u011fraf\u00e7\u0131lar\u0131n \u00e7ekti\u011fi 65 eser, &#8220;Ad\u0131 Mutluluk&#8221; slogan\u0131yla 27 \u015eubat\u2019ta Denizli B\u00fcy\u00fck\u015fehir Belediyesi Turan Bahad\u0131r Sergi Salonu\u2019nda sanatseverlerle bulu\u015facak. Laodikya Foto\u011fraf Toplulu\u011fu (LAFOT) b\u00fcnyesindeki kad\u0131n foto\u011fraf\u00e7\u0131lar taraf\u0131ndan haz\u0131rlanan &#8220;Ad\u0131 Mutluluk&#8221; adl\u0131 foto\u011fraf sergisi, 27 \u015eubat 2026 Cuma g\u00fcn\u00fc saat 17.00\u2019de kap\u0131lar\u0131n\u0131 a\u00e7\u0131yor. Sergi, Denizli B\u00fcy\u00fck\u015fehir Belediyesi Turan Bahad\u0131r Sergi Salonu\u2019nda&#8230;<\/p>\n","protected":false},"author":1,"featured_media":90319,"comment_status":"open","ping_status":"open","sticky":false,"template":"","format":"standard","meta":{"_crdt_document":"","footnotes":""},"categories":[1],"tags":[],"class_list":["post-90318","post","type-post","status-publish","format-standard","has-post-thumbnail","hentry","category-guncel"],"_links":{"self":[{"href":"https:\/\/www.egemtv.com\/index.php?rest_route=\/wp\/v2\/posts\/90318","targetHints":{"allow":["GET"]}}],"collection":[{"href":"https:\/\/www.egemtv.com\/index.php?rest_route=\/wp\/v2\/posts"}],"about":[{"href":"https:\/\/www.egemtv.com\/index.php?rest_route=\/wp\/v2\/types\/post"}],"author":[{"embeddable":true,"href":"https:\/\/www.egemtv.com\/index.php?rest_route=\/wp\/v2\/users\/1"}],"replies":[{"embeddable":true,"href":"https:\/\/www.egemtv.com\/index.php?rest_route=%2Fwp%2Fv2%2Fcomments&post=90318"}],"version-history":[{"count":1,"href":"https:\/\/www.egemtv.com\/index.php?rest_route=\/wp\/v2\/posts\/90318\/revisions"}],"predecessor-version":[{"id":90320,"href":"https:\/\/www.egemtv.com\/index.php?rest_route=\/wp\/v2\/posts\/90318\/revisions\/90320"}],"wp:featuredmedia":[{"embeddable":true,"href":"https:\/\/www.egemtv.com\/index.php?rest_route=\/wp\/v2\/media\/90319"}],"wp:attachment":[{"href":"https:\/\/www.egemtv.com\/index.php?rest_route=%2Fwp%2Fv2%2Fmedia&parent=90318"}],"wp:term":[{"taxonomy":"category","embeddable":true,"href":"https:\/\/www.egemtv.com\/index.php?rest_route=%2Fwp%2Fv2%2Fcategories&post=90318"},{"taxonomy":"post_tag","embeddable":true,"href":"https:\/\/www.egemtv.com\/index.php?rest_route=%2Fwp%2Fv2%2Ftags&post=90318"}],"curies":[{"name":"wp","href":"https:\/\/api.w.org\/{rel}","templated":true}]}}