{"id":90315,"date":"2026-02-25T12:54:56","date_gmt":"2026-02-25T09:54:56","guid":{"rendered":"https:\/\/www.egemtv.com\/?p=90315"},"modified":"2026-02-25T12:54:57","modified_gmt":"2026-02-25T09:54:57","slug":"vali-musa-isin-ve-baskan-eyup-kahveci-kutahya-fenerbahceliler-dernegi-yoneticilerini-agirladi","status":"publish","type":"post","link":"https:\/\/www.egemtv.com\/?p=90315","title":{"rendered":"Vali Musa I\u015f\u0131n ve Ba\u015fkan Ey\u00fcp Kahveci, K\u00fctahya Fenerbah\u00e7eliler Derne\u011fi y\u00f6neticilerini a\u011f\u0131rlad\u0131"},"content":{"rendered":"<p>K\u00fctahya Valisi Musa I\u015f\u0131n, K\u00fctahya Fenerbah\u00e7eliler Derne\u011fi Ba\u015fkan\u0131 Erdi \u00c7etinkaya ve y\u00f6netim kurulu \u00fcyelerini makam\u0131nda kabul etti. Dernek heyeti daha sonra Belediye Ba\u015fkan\u0131 Ey\u00fcp Kahveci\u2019yi ziyaret etti.<br \/>\n<br \/>Vali Musa I\u015f\u0131n\u2019\u0131 ziyarette, \u015fehirde spor k\u00fclt\u00fcr\u00fcn\u00fcn g\u00fc\u00e7lendirilmesi, gen\u00e7lere y\u00f6nelik sosyal ve sportif faaliyetlerin yayg\u0131nla\u015ft\u0131r\u0131lmas\u0131 ile sivil toplum kurulu\u015flar\u0131yla i\u015f birli\u011finin art\u0131r\u0131lmas\u0131 konular\u0131nda g\u00f6r\u00fc\u015f al\u0131\u015fveri\u015finde bulunuldu.<br \/>\n<br \/>Dernek y\u00f6netimi, program kapsam\u0131nda K\u00fctahya Belediye Ba\u015fkan\u0131 Ey\u00fcp Kahveci\u2019yi de makam\u0131nda ziyaret etti. Ba\u015fkan Kahveci, ziyarete ili\u015fkin yapt\u0131\u011f\u0131 a\u00e7\u0131klamada; K\u00fctahya Fenerbah\u00e7eliler Derne\u011fi Ba\u015fkan\u0131 Erdi \u00c7etinkaya ve y\u00f6netim kurulu \u00fcyelerini belediyede misafir etmekten memnuniyet duyduklar\u0131n\u0131 belirterek, \u015fehirde spor bilincinin art\u0131r\u0131lmas\u0131, gen\u00e7lere y\u00f6nelik sosyal ve sportif \u00e7al\u0131\u015fmalar\u0131n geli\u015ftirilmesi, sivil toplum kurulu\u015flar\u0131yla ortak projelerin hayata ge\u00e7irilmesi ve i\u015f birli\u011fi alanlar\u0131n\u0131n geni\u015fletilmesi konular\u0131nda de\u011ferlendirmelerde bulunduklar\u0131n\u0131 ifade etti.<br \/>\n<br \/>Ba\u015fkan Kahveci, nazik ziyaretleri ve de\u011ferli payla\u015f\u0131mlar\u0131 i\u00e7in dernek y\u00f6netimine te\u015fekk\u00fcr ederek, \u00e7al\u0131\u015fmalar\u0131nda ba\u015far\u0131lar diledi.<br \/><\/p>\n","protected":false},"excerpt":{"rendered":"<p>K\u00fctahya Valisi Musa I\u015f\u0131n, K\u00fctahya Fenerbah\u00e7eliler Derne\u011fi Ba\u015fkan\u0131 Erdi \u00c7etinkaya ve y\u00f6netim kurulu \u00fcyelerini makam\u0131nda kabul etti. Dernek heyeti daha sonra Belediye Ba\u015fkan\u0131 Ey\u00fcp Kahveci\u2019yi ziyaret etti. Vali Musa I\u015f\u0131n\u2019\u0131 ziyarette, \u015fehirde spor k\u00fclt\u00fcr\u00fcn\u00fcn g\u00fc\u00e7lendirilmesi, gen\u00e7lere y\u00f6nelik sosyal ve sportif faaliyetlerin yayg\u0131nla\u015ft\u0131r\u0131lmas\u0131 ile sivil toplum kurulu\u015flar\u0131yla i\u015f birli\u011finin art\u0131r\u0131lmas\u0131 konular\u0131nda g\u00f6r\u00fc\u015f al\u0131\u015fveri\u015finde bulunuldu. Dernek y\u00f6netimi,&#8230;<\/p>\n","protected":false},"author":1,"featured_media":90316,"comment_status":"open","ping_status":"open","sticky":false,"template":"","format":"standard","meta":{"_crdt_document":"","footnotes":""},"categories":[4],"tags":[],"class_list":["post-90315","post","type-post","status-publish","format-standard","has-post-thumbnail","hentry","category-spor"],"_links":{"self":[{"href":"https:\/\/www.egemtv.com\/index.php?rest_route=\/wp\/v2\/posts\/90315","targetHints":{"allow":["GET"]}}],"collection":[{"href":"https:\/\/www.egemtv.com\/index.php?rest_route=\/wp\/v2\/posts"}],"about":[{"href":"https:\/\/www.egemtv.com\/index.php?rest_route=\/wp\/v2\/types\/post"}],"author":[{"embeddable":true,"href":"https:\/\/www.egemtv.com\/index.php?rest_route=\/wp\/v2\/users\/1"}],"replies":[{"embeddable":true,"href":"https:\/\/www.egemtv.com\/index.php?rest_route=%2Fwp%2Fv2%2Fcomments&post=90315"}],"version-history":[{"count":1,"href":"https:\/\/www.egemtv.com\/index.php?rest_route=\/wp\/v2\/posts\/90315\/revisions"}],"predecessor-version":[{"id":90317,"href":"https:\/\/www.egemtv.com\/index.php?rest_route=\/wp\/v2\/posts\/90315\/revisions\/90317"}],"wp:featuredmedia":[{"embeddable":true,"href":"https:\/\/www.egemtv.com\/index.php?rest_route=\/wp\/v2\/media\/90316"}],"wp:attachment":[{"href":"https:\/\/www.egemtv.com\/index.php?rest_route=%2Fwp%2Fv2%2Fmedia&parent=90315"}],"wp:term":[{"taxonomy":"category","embeddable":true,"href":"https:\/\/www.egemtv.com\/index.php?rest_route=%2Fwp%2Fv2%2Fcategories&post=90315"},{"taxonomy":"post_tag","embeddable":true,"href":"https:\/\/www.egemtv.com\/index.php?rest_route=%2Fwp%2Fv2%2Ftags&post=90315"}],"curies":[{"name":"wp","href":"https:\/\/api.w.org\/{rel}","templated":true}]}}