{"id":90288,"date":"2026-02-25T11:34:59","date_gmt":"2026-02-25T08:34:59","guid":{"rendered":"https:\/\/www.egemtv.com\/?p=90288"},"modified":"2026-02-25T11:35:00","modified_gmt":"2026-02-25T08:35:00","slug":"salihlide-msu-sinavi-oncesi-kritik-toplanti","status":"publish","type":"post","link":"https:\/\/www.egemtv.com\/?p=90288","title":{"rendered":"Salihli\u2019de MS\u00dc S\u0131nav\u0131 \u00f6ncesi kritik toplant\u0131"},"content":{"rendered":"<p>Manisa\u2019n\u0131n Salihli il\u00e7esinde 1 Mart 2026 tarihinde ger\u00e7ekle\u015ftirilecek olan 2026 Mill\u00ee Savunma \u00dcniversitesi (MS\u00dc) s\u0131nav\u0131 \u00f6ncesinde Koordinasyon Kurulu Toplant\u0131s\u0131 d\u00fczenlendi.<br \/>\n<br \/>Kaymakam Ali G\u00fcldo\u011fan ba\u015fkanl\u0131\u011f\u0131nda Kaymakaml\u0131k Toplant\u0131 Salonu\u2019nda yap\u0131lan toplant\u0131da, s\u0131nav\u0131n il\u00e7ede sorunsuz, g\u00fcvenli ve d\u00fczenli bir \u015fekilde ger\u00e7ekle\u015ftirilmesi i\u00e7in al\u0131nacak tedbirler masaya yat\u0131r\u0131ld\u0131.<br \/>\n<br \/>Toplant\u0131da; s\u0131nav g\u00fcn\u00fc uygulanacak g\u00fcvenlik \u00f6nlemleri, ula\u015f\u0131m ve trafik d\u00fczenlemeleri ile kurumlar aras\u0131 koordinasyon konular\u0131 detayl\u0131 \u015fekilde ele al\u0131nd\u0131. \u00d6zellikle adaylar\u0131n s\u0131nav merkezlerine zaman\u0131nda ve g\u00fcvenli \u015fekilde ula\u015fabilmeleri i\u00e7in yap\u0131lacak \u00e7al\u0131\u015fmalar de\u011ferlendirildi.<br \/>\n<br \/>\u0130lgili kurum temsilcilerinin kat\u0131l\u0131m sa\u011flad\u0131\u011f\u0131 toplant\u0131da, s\u0131nav s\u00fcrecinin sa\u011fl\u0131kl\u0131 bir \u015fekilde y\u00fcr\u00fct\u00fclmesi ve adaylar\u0131n herhangi bir ma\u011fduriyet ya\u015famamas\u0131 ad\u0131na gerekli planlamalar\u0131n yap\u0131ld\u0131\u011f\u0131 bildirildi.<br \/><\/p>\n","protected":false},"excerpt":{"rendered":"<p>Manisa\u2019n\u0131n Salihli il\u00e7esinde 1 Mart 2026 tarihinde ger\u00e7ekle\u015ftirilecek olan 2026 Mill\u00ee Savunma \u00dcniversitesi (MS\u00dc) s\u0131nav\u0131 \u00f6ncesinde Koordinasyon Kurulu Toplant\u0131s\u0131 d\u00fczenlendi. Kaymakam Ali G\u00fcldo\u011fan ba\u015fkanl\u0131\u011f\u0131nda Kaymakaml\u0131k Toplant\u0131 Salonu\u2019nda yap\u0131lan toplant\u0131da, s\u0131nav\u0131n il\u00e7ede sorunsuz, g\u00fcvenli ve d\u00fczenli bir \u015fekilde ger\u00e7ekle\u015ftirilmesi i\u00e7in al\u0131nacak tedbirler masaya yat\u0131r\u0131ld\u0131. Toplant\u0131da; s\u0131nav g\u00fcn\u00fc uygulanacak g\u00fcvenlik \u00f6nlemleri, ula\u015f\u0131m ve trafik d\u00fczenlemeleri ile kurumlar&#8230;<\/p>\n","protected":false},"author":1,"featured_media":90289,"comment_status":"open","ping_status":"open","sticky":false,"template":"","format":"standard","meta":{"_crdt_document":"","footnotes":""},"categories":[1],"tags":[],"class_list":["post-90288","post","type-post","status-publish","format-standard","has-post-thumbnail","hentry","category-guncel"],"_links":{"self":[{"href":"https:\/\/www.egemtv.com\/index.php?rest_route=\/wp\/v2\/posts\/90288","targetHints":{"allow":["GET"]}}],"collection":[{"href":"https:\/\/www.egemtv.com\/index.php?rest_route=\/wp\/v2\/posts"}],"about":[{"href":"https:\/\/www.egemtv.com\/index.php?rest_route=\/wp\/v2\/types\/post"}],"author":[{"embeddable":true,"href":"https:\/\/www.egemtv.com\/index.php?rest_route=\/wp\/v2\/users\/1"}],"replies":[{"embeddable":true,"href":"https:\/\/www.egemtv.com\/index.php?rest_route=%2Fwp%2Fv2%2Fcomments&post=90288"}],"version-history":[{"count":1,"href":"https:\/\/www.egemtv.com\/index.php?rest_route=\/wp\/v2\/posts\/90288\/revisions"}],"predecessor-version":[{"id":90290,"href":"https:\/\/www.egemtv.com\/index.php?rest_route=\/wp\/v2\/posts\/90288\/revisions\/90290"}],"wp:featuredmedia":[{"embeddable":true,"href":"https:\/\/www.egemtv.com\/index.php?rest_route=\/wp\/v2\/media\/90289"}],"wp:attachment":[{"href":"https:\/\/www.egemtv.com\/index.php?rest_route=%2Fwp%2Fv2%2Fmedia&parent=90288"}],"wp:term":[{"taxonomy":"category","embeddable":true,"href":"https:\/\/www.egemtv.com\/index.php?rest_route=%2Fwp%2Fv2%2Fcategories&post=90288"},{"taxonomy":"post_tag","embeddable":true,"href":"https:\/\/www.egemtv.com\/index.php?rest_route=%2Fwp%2Fv2%2Ftags&post=90288"}],"curies":[{"name":"wp","href":"https:\/\/api.w.org\/{rel}","templated":true}]}}