{"id":90285,"date":"2026-02-25T11:34:58","date_gmt":"2026-02-25T08:34:58","guid":{"rendered":"https:\/\/www.egemtv.com\/?p=90285"},"modified":"2026-02-25T11:34:59","modified_gmt":"2026-02-25T08:34:59","slug":"mentesede-gonullu-gencler-hacivat-ve-karagozu-okullara-tasidi","status":"publish","type":"post","link":"https:\/\/www.egemtv.com\/?p=90285","title":{"rendered":"Mente\u015fe\u2019de g\u00f6n\u00fcll\u00fc gen\u00e7ler Hacivat ve Karag\u00f6z\u2019\u00fc okullara ta\u015f\u0131d\u0131"},"content":{"rendered":"<p>Mente\u015fe Gen\u00e7lik ve Spor \u0130l\u00e7e M\u00fcd\u00fcrl\u00fc\u011f\u00fc b\u00fcnyesindeki Uluslararas\u0131 Gen\u00e7lik Merkezi g\u00f6n\u00fcll\u00fcleri, haz\u0131rlad\u0131klar\u0131 geleneksel g\u00f6sterilerle Ramazan ay\u0131n\u0131n k\u00fclt\u00fcrel miras\u0131n\u0131 \u00f6\u011frencilerle bulu\u015fturuyor.<\/p>\n<p>Mente\u015fe Uluslararas\u0131 Gen\u00e7lik Merkezi\u2019nin g\u00f6n\u00fcll\u00fc gen\u00e7leri, Ramazan ay\u0131n\u0131n yard\u0131mla\u015fma ve karde\u015flik ruhunu sanatla harmanlayarak okullara ta\u015f\u0131d\u0131. Etkinlikler kapsam\u0131nda, T\u00fcrk k\u00fclt\u00fcr\u00fcn\u00fcn as\u0131rl\u0131k de\u011ferleri olan Hacivat ve Karag\u00f6z hem geleneksel g\u00f6lge oyunu hem de sahne tiyatrosu uyarlamas\u0131yla \u00f6\u011frencilerle bulu\u015fturuldu.<\/p>\n<p>Organizasyonun her a\u015famas\u0131nda aktif rol alan g\u00f6n\u00fcll\u00fc gen\u00e7ler, titiz bir haz\u0131rl\u0131k s\u00fcrecinin ard\u0131ndan sahneye \u00e7\u0131kt\u0131. Perde arkas\u0131nda \u0131\u015f\u0131kla hayat bulan tasvirler \u00e7ocuklar\u0131 e\u011flendirirken, sahne \u00f6n\u00fcndeki interaktif tiyatro g\u00f6sterisiyle \u00f6\u011frenciler oyunun birer par\u00e7as\u0131 olma f\u0131rsat\u0131 yakalad\u0131.<\/p>\n<p>Program boyunca Ramazan ay\u0131n\u0131n temel de\u011ferleri olan payla\u015fma, dayan\u0131\u015fma ve karde\u015flik temalar\u0131, mizahi bir dille i\u015flendi. Kahkahalar\u0131n eksik olmad\u0131\u011f\u0131 g\u00f6sterilerde \u00e7ocuklar, bir yandan e\u011flenirken bir yandan da geleneksel T\u00fcrk tiyatrosunun k\u00fclt\u00fcrel zenginliklerini yak\u0131ndan tan\u0131ma imkan\u0131 buldu.<br \/><\/p>\n","protected":false},"excerpt":{"rendered":"<p>Mente\u015fe Gen\u00e7lik ve Spor \u0130l\u00e7e M\u00fcd\u00fcrl\u00fc\u011f\u00fc b\u00fcnyesindeki Uluslararas\u0131 Gen\u00e7lik Merkezi g\u00f6n\u00fcll\u00fcleri, haz\u0131rlad\u0131klar\u0131 geleneksel g\u00f6sterilerle Ramazan ay\u0131n\u0131n k\u00fclt\u00fcrel miras\u0131n\u0131 \u00f6\u011frencilerle bulu\u015fturuyor. Mente\u015fe Uluslararas\u0131 Gen\u00e7lik Merkezi\u2019nin g\u00f6n\u00fcll\u00fc gen\u00e7leri, Ramazan ay\u0131n\u0131n yard\u0131mla\u015fma ve karde\u015flik ruhunu sanatla harmanlayarak okullara ta\u015f\u0131d\u0131. Etkinlikler kapsam\u0131nda, T\u00fcrk k\u00fclt\u00fcr\u00fcn\u00fcn as\u0131rl\u0131k de\u011ferleri olan Hacivat ve Karag\u00f6z hem geleneksel g\u00f6lge oyunu hem de sahne tiyatrosu uyarlamas\u0131yla&#8230;<\/p>\n","protected":false},"author":1,"featured_media":90286,"comment_status":"open","ping_status":"open","sticky":false,"template":"","format":"standard","meta":{"_crdt_document":"","footnotes":""},"categories":[1],"tags":[],"class_list":["post-90285","post","type-post","status-publish","format-standard","has-post-thumbnail","hentry","category-guncel"],"_links":{"self":[{"href":"https:\/\/www.egemtv.com\/index.php?rest_route=\/wp\/v2\/posts\/90285","targetHints":{"allow":["GET"]}}],"collection":[{"href":"https:\/\/www.egemtv.com\/index.php?rest_route=\/wp\/v2\/posts"}],"about":[{"href":"https:\/\/www.egemtv.com\/index.php?rest_route=\/wp\/v2\/types\/post"}],"author":[{"embeddable":true,"href":"https:\/\/www.egemtv.com\/index.php?rest_route=\/wp\/v2\/users\/1"}],"replies":[{"embeddable":true,"href":"https:\/\/www.egemtv.com\/index.php?rest_route=%2Fwp%2Fv2%2Fcomments&post=90285"}],"version-history":[{"count":1,"href":"https:\/\/www.egemtv.com\/index.php?rest_route=\/wp\/v2\/posts\/90285\/revisions"}],"predecessor-version":[{"id":90287,"href":"https:\/\/www.egemtv.com\/index.php?rest_route=\/wp\/v2\/posts\/90285\/revisions\/90287"}],"wp:featuredmedia":[{"embeddable":true,"href":"https:\/\/www.egemtv.com\/index.php?rest_route=\/wp\/v2\/media\/90286"}],"wp:attachment":[{"href":"https:\/\/www.egemtv.com\/index.php?rest_route=%2Fwp%2Fv2%2Fmedia&parent=90285"}],"wp:term":[{"taxonomy":"category","embeddable":true,"href":"https:\/\/www.egemtv.com\/index.php?rest_route=%2Fwp%2Fv2%2Fcategories&post=90285"},{"taxonomy":"post_tag","embeddable":true,"href":"https:\/\/www.egemtv.com\/index.php?rest_route=%2Fwp%2Fv2%2Ftags&post=90285"}],"curies":[{"name":"wp","href":"https:\/\/api.w.org\/{rel}","templated":true}]}}