{"id":90282,"date":"2026-02-25T11:14:55","date_gmt":"2026-02-25T08:14:55","guid":{"rendered":"https:\/\/www.egemtv.com\/?p=90282"},"modified":"2026-02-25T11:14:56","modified_gmt":"2026-02-25T08:14:56","slug":"mugladaki-projeyle-ureticiler-bilgilendiriliyor","status":"publish","type":"post","link":"https:\/\/www.egemtv.com\/?p=90282","title":{"rendered":"Mu\u011fla\u2019daki projeyle \u00fcreticiler bilgilendiriliyor"},"content":{"rendered":"<p>Mu\u011fla \u0130l Tar\u0131m ve Orman M\u00fcd\u00fcrl\u00fc\u011f\u00fc, tar\u0131msal \u00fcretimde verimlilik ve kaliteyi art\u0131rmak amac\u0131yla hayata ge\u00e7irdi\u011fi DER\u0130M (Deneyim, E\u011fitim, Rehberlik ve \u0130leti\u015fim) Projesi ile \u00fcreticileri ortak bir paydada bulu\u015fturuyor.<\/p>\n<p>&#8220;Birlikte \u00f6\u011frenme&#8221; modelini temel alan DER\u0130M Projesi kapsam\u0131nda d\u00fczenlenen e\u011fitim programlar\u0131, K\u00f6yce\u011fiz, Fethiye ve Dalaman il\u00e7elerinde yo\u011fun bir kat\u0131l\u0131mla ger\u00e7ekle\u015ftirildi. Proje, sadece teorik bilgi aktar\u0131m\u0131yla s\u0131n\u0131rl\u0131 kalmay\u0131p, sahadaki ba\u015far\u0131l\u0131 uygulamalar\u0131n &#8220;\u00f6nder \u00e7ift\u00e7iler&#8221; arac\u0131l\u0131\u011f\u0131yla di\u011fer \u00fcreticilere aktar\u0131lmas\u0131n\u0131 sa\u011fl\u0131yor. D\u00fczenlenen toplant\u0131larda, b\u00f6lgenin tar\u0131msal yap\u0131s\u0131na uygun stratejik konular ele al\u0131nd\u0131.<\/p>\n<p>Mu\u011fla \u0130l Tar\u0131m ve Orman M\u00fcd\u00fcrl\u00fc\u011f\u00fc yetkilileri, projenin temel amac\u0131n\u0131n \u00e7ift\u00e7iler aras\u0131ndaki ileti\u015fimi g\u00fc\u00e7lendirerek iyi uygulama \u00f6rneklerini yayg\u0131nla\u015ft\u0131rmak oldu\u011funu vurgulad\u0131. Bu sayede, tar\u0131mda geleneksel hatalar\u0131n \u00f6n\u00fcne ge\u00e7ilmesi ve s\u00fcrd\u00fcr\u00fclebilir bir \u00fcretim anlay\u0131\u015f\u0131n\u0131n t\u00fcm kente yay\u0131lmas\u0131 hedefleniyor.<br \/><\/p>\n","protected":false},"excerpt":{"rendered":"<p>Mu\u011fla \u0130l Tar\u0131m ve Orman M\u00fcd\u00fcrl\u00fc\u011f\u00fc, tar\u0131msal \u00fcretimde verimlilik ve kaliteyi art\u0131rmak amac\u0131yla hayata ge\u00e7irdi\u011fi DER\u0130M (Deneyim, E\u011fitim, Rehberlik ve \u0130leti\u015fim) Projesi ile \u00fcreticileri ortak bir paydada bulu\u015fturuyor. &#8220;Birlikte \u00f6\u011frenme&#8221; modelini temel alan DER\u0130M Projesi kapsam\u0131nda d\u00fczenlenen e\u011fitim programlar\u0131, K\u00f6yce\u011fiz, Fethiye ve Dalaman il\u00e7elerinde yo\u011fun bir kat\u0131l\u0131mla ger\u00e7ekle\u015ftirildi. Proje, sadece teorik bilgi aktar\u0131m\u0131yla s\u0131n\u0131rl\u0131 kalmay\u0131p,&#8230;<\/p>\n","protected":false},"author":1,"featured_media":90283,"comment_status":"open","ping_status":"open","sticky":false,"template":"","format":"standard","meta":{"_crdt_document":"","footnotes":""},"categories":[1],"tags":[],"class_list":["post-90282","post","type-post","status-publish","format-standard","has-post-thumbnail","hentry","category-guncel"],"_links":{"self":[{"href":"https:\/\/www.egemtv.com\/index.php?rest_route=\/wp\/v2\/posts\/90282","targetHints":{"allow":["GET"]}}],"collection":[{"href":"https:\/\/www.egemtv.com\/index.php?rest_route=\/wp\/v2\/posts"}],"about":[{"href":"https:\/\/www.egemtv.com\/index.php?rest_route=\/wp\/v2\/types\/post"}],"author":[{"embeddable":true,"href":"https:\/\/www.egemtv.com\/index.php?rest_route=\/wp\/v2\/users\/1"}],"replies":[{"embeddable":true,"href":"https:\/\/www.egemtv.com\/index.php?rest_route=%2Fwp%2Fv2%2Fcomments&post=90282"}],"version-history":[{"count":1,"href":"https:\/\/www.egemtv.com\/index.php?rest_route=\/wp\/v2\/posts\/90282\/revisions"}],"predecessor-version":[{"id":90284,"href":"https:\/\/www.egemtv.com\/index.php?rest_route=\/wp\/v2\/posts\/90282\/revisions\/90284"}],"wp:featuredmedia":[{"embeddable":true,"href":"https:\/\/www.egemtv.com\/index.php?rest_route=\/wp\/v2\/media\/90283"}],"wp:attachment":[{"href":"https:\/\/www.egemtv.com\/index.php?rest_route=%2Fwp%2Fv2%2Fmedia&parent=90282"}],"wp:term":[{"taxonomy":"category","embeddable":true,"href":"https:\/\/www.egemtv.com\/index.php?rest_route=%2Fwp%2Fv2%2Fcategories&post=90282"},{"taxonomy":"post_tag","embeddable":true,"href":"https:\/\/www.egemtv.com\/index.php?rest_route=%2Fwp%2Fv2%2Ftags&post=90282"}],"curies":[{"name":"wp","href":"https:\/\/api.w.org\/{rel}","templated":true}]}}