{"id":90279,"date":"2026-02-25T11:14:54","date_gmt":"2026-02-25T08:14:54","guid":{"rendered":"https:\/\/www.egemtv.com\/?p=90279"},"modified":"2026-02-25T11:14:55","modified_gmt":"2026-02-25T08:14:55","slug":"gunduz-kamu-mali-yonetiminde-dijitallesme-onemli","status":"publish","type":"post","link":"https:\/\/www.egemtv.com\/?p=90279","title":{"rendered":"G\u00fcnd\u00fcz: &#8220;Kamu mali y\u00f6netiminde dijitalle\u015fme \u00f6nemli&#8221;"},"content":{"rendered":"<p>Afyonkarahisar \u0130l Defterdar\u0131 \u0130brahim G\u00fcnd\u00fcz, kamu mali y\u00f6netiminde dijitalle\u015fmenin \u00f6nemine dikkat \u00e7ekerek, kamu kaynaklar\u0131n\u0131n etkin ve verimli kullan\u0131lmas\u0131, mali disiplinin g\u00fc\u00e7lendirilmesi, \u015feffafl\u0131k ve hesap verebilirli\u011fin art\u0131r\u0131lmas\u0131 hedefleri do\u011frultusunda y\u00fcr\u00fct\u00fclen \u00e7al\u0131\u015fmalar\u0131n \u00f6nemli oldu\u011funa de\u011findi.<br \/>\n<br \/>Afyonkarahisar\u2019da kamu mali y\u00f6netiminde dijital d\u00f6n\u00fc\u015f\u00fcm \u00e7al\u0131\u015fmalar\u0131n\u0131n \u00f6nemli ba\u015fl\u0131klar\u0131ndan biri olan B\u00fct\u00fcnle\u015fik Kamu Mali Y\u00f6netim Bili\u015fim Sistemi (BKMYBS) \u00e7er\u00e7evesinde de\u011ferlendirme toplant\u0131s\u0131 ger\u00e7ekle\u015ftirildi. Toplant\u0131ya Vali Yard\u0131mc\u0131s\u0131 Celil Ate\u015fo\u011flu, Belediye Ba\u015fkan Yard\u0131mc\u0131s\u0131 \u00d6mer Y\u0131ld\u0131z, Muhasebat Genel M\u00fcd\u00fcrl\u00fc\u011f\u00fc Daire Ba\u015fkan\u0131 Tu\u011f\u00e7e Yaz\u0131c\u0131, \u0130l Defterdar\u0131 \u0130brahim G\u00fcnd\u00fcz ile il\u00e7e ve belde belediye ba\u015fkanlar\u0131, belediye yetkilileri ve defterdarl\u0131k personeli kat\u0131ld\u0131.<br \/>\n<br \/>Toplant\u0131n\u0131n a\u00e7\u0131l\u0131\u015f konu\u015fmas\u0131n\u0131 yapan G\u00fcnd\u00fcz, kamu mali y\u00f6netiminde dijitalle\u015fmenin \u00f6nemine dikkat \u00e7ekerek kamu kaynaklar\u0131n\u0131n etkin ve verimli kullan\u0131lmas\u0131, mali disiplinin g\u00fc\u00e7lendirilmesi, \u015feffafl\u0131k ve hesap verebilirli\u011fin art\u0131r\u0131lmas\u0131 hedefleri do\u011frultusunda y\u00fcr\u00fct\u00fclen \u00e7al\u0131\u015fmalara de\u011findi. G\u00fcnd\u00fcz, B\u00fct\u00fcnle\u015fik Kamu Mali Y\u00f6netim Bili\u015fim Sistemi\u2019nin kurumlar aras\u0131 veri b\u00fct\u00fcnl\u00fc\u011f\u00fcn\u00fc sa\u011flayarak i\u015flemleri h\u0131zland\u0131rd\u0131\u011f\u0131n\u0131 ve mali y\u00f6netimde b\u00fct\u00fcnc\u00fcl bir yap\u0131 olu\u015fturdu\u011funu ifade etti.<br \/>\n<br \/>Program sonunda Ate\u015fo\u011flu taraf\u0131ndan Yaz\u0131c\u0131\u2019ya katk\u0131lar\u0131ndan dolay\u0131 plaket takdim edildi. Toplant\u0131, hat\u0131ra foto\u011fraf\u0131 \u00e7ekimi ile sona erdi.<br \/><\/p>\n","protected":false},"excerpt":{"rendered":"<p>Afyonkarahisar \u0130l Defterdar\u0131 \u0130brahim G\u00fcnd\u00fcz, kamu mali y\u00f6netiminde dijitalle\u015fmenin \u00f6nemine dikkat \u00e7ekerek, kamu kaynaklar\u0131n\u0131n etkin ve verimli kullan\u0131lmas\u0131, mali disiplinin g\u00fc\u00e7lendirilmesi, \u015feffafl\u0131k ve hesap verebilirli\u011fin art\u0131r\u0131lmas\u0131 hedefleri do\u011frultusunda y\u00fcr\u00fct\u00fclen \u00e7al\u0131\u015fmalar\u0131n \u00f6nemli oldu\u011funa de\u011findi. Afyonkarahisar\u2019da kamu mali y\u00f6netiminde dijital d\u00f6n\u00fc\u015f\u00fcm \u00e7al\u0131\u015fmalar\u0131n\u0131n \u00f6nemli ba\u015fl\u0131klar\u0131ndan biri olan B\u00fct\u00fcnle\u015fik Kamu Mali Y\u00f6netim Bili\u015fim Sistemi (BKMYBS) \u00e7er\u00e7evesinde de\u011ferlendirme toplant\u0131s\u0131 ger\u00e7ekle\u015ftirildi&#8230;.<\/p>\n","protected":false},"author":1,"featured_media":90280,"comment_status":"open","ping_status":"open","sticky":false,"template":"","format":"standard","meta":{"_crdt_document":"","footnotes":""},"categories":[1],"tags":[],"class_list":["post-90279","post","type-post","status-publish","format-standard","has-post-thumbnail","hentry","category-guncel"],"_links":{"self":[{"href":"https:\/\/www.egemtv.com\/index.php?rest_route=\/wp\/v2\/posts\/90279","targetHints":{"allow":["GET"]}}],"collection":[{"href":"https:\/\/www.egemtv.com\/index.php?rest_route=\/wp\/v2\/posts"}],"about":[{"href":"https:\/\/www.egemtv.com\/index.php?rest_route=\/wp\/v2\/types\/post"}],"author":[{"embeddable":true,"href":"https:\/\/www.egemtv.com\/index.php?rest_route=\/wp\/v2\/users\/1"}],"replies":[{"embeddable":true,"href":"https:\/\/www.egemtv.com\/index.php?rest_route=%2Fwp%2Fv2%2Fcomments&post=90279"}],"version-history":[{"count":1,"href":"https:\/\/www.egemtv.com\/index.php?rest_route=\/wp\/v2\/posts\/90279\/revisions"}],"predecessor-version":[{"id":90281,"href":"https:\/\/www.egemtv.com\/index.php?rest_route=\/wp\/v2\/posts\/90279\/revisions\/90281"}],"wp:featuredmedia":[{"embeddable":true,"href":"https:\/\/www.egemtv.com\/index.php?rest_route=\/wp\/v2\/media\/90280"}],"wp:attachment":[{"href":"https:\/\/www.egemtv.com\/index.php?rest_route=%2Fwp%2Fv2%2Fmedia&parent=90279"}],"wp:term":[{"taxonomy":"category","embeddable":true,"href":"https:\/\/www.egemtv.com\/index.php?rest_route=%2Fwp%2Fv2%2Fcategories&post=90279"},{"taxonomy":"post_tag","embeddable":true,"href":"https:\/\/www.egemtv.com\/index.php?rest_route=%2Fwp%2Fv2%2Ftags&post=90279"}],"curies":[{"name":"wp","href":"https:\/\/api.w.org\/{rel}","templated":true}]}}