{"id":90276,"date":"2026-02-25T11:14:53","date_gmt":"2026-02-25T08:14:53","guid":{"rendered":"https:\/\/www.egemtv.com\/?p=90276"},"modified":"2026-02-25T11:14:54","modified_gmt":"2026-02-25T08:14:54","slug":"baskan-pehlivan-personelle-iftar-sofrasinda-bulustu","status":"publish","type":"post","link":"https:\/\/www.egemtv.com\/?p=90276","title":{"rendered":"Ba\u015fkan Pehlivan, personelle iftar sofras\u0131nda bulu\u015ftu"},"content":{"rendered":"<p>Menemen Belediyesi \u00e7al\u0131\u015fanlar\u0131 iftar sofras\u0131nda bulu\u015ftu. T\u00fcm birimlerden personellerin aileleriyle birlikte kat\u0131ld\u0131\u011f\u0131 iftarda konu\u015fan Menemen Belediye Ba\u015fkan\u0131 Ayd\u0131n Pehlivan, &#8220;Sizlerle birlikte Menemen\u2019in d\u00f6rt bir yan\u0131na eserler kazand\u0131rmaktan, sizlerle birlikte bu kentin her k\u00f6\u015fesine hizmet ula\u015ft\u0131rmaktan ve en \u00f6nemlisi bu ailenin bir par\u00e7as\u0131 olmaktan onur, gurur, \u015feref duyuyorum.&#8221; dedi.<br \/>\n<br \/>Menemen Belediye Ba\u015fkan\u0131 Ayd\u0131n Pehlivan, &#8220;B\u00fcy\u00fck belediye ailem&#8221; olarak tan\u0131mlad\u0131\u011f\u0131 Menemen Belediyesi personeliyle iftar sofras\u0131nda bir araya geldi. Halil Alkaya Kapal\u0131 Pazar Yeri\u2019nde ger\u00e7ekle\u015ftirilen iftar organizasyonuna belediyenin t\u00fcm birimlerinde g\u00f6rev yapan personeller, aileleriyle birlikte kat\u0131ld\u0131.<br \/>\n<br \/>\u0130ftar \u00f6ncesi tasavvuf dinletisi ve semah ile birlikte Ramazan\u2019\u0131n manevi ruhunun ya\u015fat\u0131ld\u0131\u011f\u0131 geceye e\u015fi Filiz Pehlivan ile birlikte kat\u0131lan Menemen Belediye Ba\u015fkan\u0131 Ayd\u0131n Pehlivan, alana personelin yo\u011fun alk\u0131\u015f\u0131yla girdi.<\/p>\n<p>&#8220;Bu ailenin par\u00e7as\u0131 olmaktan onur, gurur, \u015feref duyuyorum!&#8221;<br \/>\n<br \/>Oru\u00e7lar\u0131n a\u00e7\u0131lmas\u0131 sonras\u0131 k\u00fcrs\u00fcye \u00e7\u0131kan Ba\u015fkan Pehlivan, &#8220;Bug\u00fcn burada sadece bir iftar i\u00e7in de\u011fil; birbirini anlayan, birbirine omuz veren, Menemen\u2019in y\u00fck\u00fcn\u00fc birlikte ta\u015f\u0131yan b\u00fcy\u00fck ailemizin bulu\u015fmas\u0131 i\u00e7in bir araday\u0131z. K\u0131ymetli mesai arkada\u015flar\u0131m; bu aile \u00f6yle s\u0131radan bir aile de\u011fil. Bu aile zoru da, sevinci de, ba\u015far\u0131y\u0131 da birlikte ya\u015fayan bir aile. T\u00fcrkiye\u2019nin en b\u00fcy\u00fck tematik \u00e7ocuk oyun k\u00f6y\u00fc bug\u00fcn 2 milyona yak\u0131n ziyaret\u00e7i a\u011f\u0131rlad\u0131ysa, bu ziyaret\u00e7i rekorunda sizlerin g\u00fclery\u00fcz\u00fc, al\u0131nteri ve eme\u011fi var. Menemen\u2019de \u00e7ocuklar art\u0131k y\u00fczmeyi sulama kanal\u0131nda de\u011fil, a\u00e7\u0131k ve kapal\u0131 yar\u0131 olimpik y\u00fczme havuzlar\u0131m\u0131zda \u00f6\u011freniyorsa bu ailenin sayesinde \u00f6\u011freniyor. \u00c7alt\u0131\u2019dan Maltepe\u2019ye, Seyrek\u2019ten T\u00fcrkelli\u2019ye, Asarl\u0131k\u2019tan Kent-2\u2019ye bu kentin sokaklar\u0131 ve caddeleri temizse, ba\u015fka yerlerdeki \u00e7\u00f6p da\u011flar\u0131 yoksa, Onun yerine Menemen\u2019de \u00e7i\u00e7ekler a\u00e7\u0131yorsa, bunu sa\u011flayan bu ailedir. Ya\u015fl\u0131lar\u0131m\u0131za evde bak\u0131m veren, ihtiya\u00e7 sahiplerine kap\u0131 kap\u0131 her g\u00fcn yemek g\u00f6t\u00fcren, engelliyi hastaneye ta\u015f\u0131yan, yeni do\u011fana ilk hediyesini veren, her Menemenlinin cenazesine ilk ko\u015fan i\u015fte bu b\u00fcy\u00fck ailedir. Sizlerle birlikte Menemen\u2019in d\u00f6rt bir yan\u0131na eserler kazand\u0131rmaktan, sizlerle birlikte bu kentin her k\u00f6\u015fesine hizmet ula\u015ft\u0131rmaktan ve en \u00f6nemlisi bu ailenin bir par\u00e7as\u0131 olmaktan onur, gurur, \u015feref duyuyorum k\u0131ymetli mesai arkada\u015flar\u0131m. Allah sizlerden ve emeklerinizden raz\u0131 olsun! Onlarca kursa emek veren hocalar\u0131m\u0131z ve emek\u00e7ilerimizden, ring servis \u015fof\u00f6rlerimize, can dostlara emek veren arkada\u015flar\u0131m\u0131zdan Ayn\u0131sefa\u2019da bir kahveye k\u0131rk y\u0131l hat\u0131r koyan arkada\u015flar\u0131ma kadar her birimimizi canla ba\u015fla ortaya koydu\u011fu emekten dolay\u0131 kutluyor ve alk\u0131\u015fl\u0131yorum. Menemen Belediyesi, T\u00fcrkiye\u2019de \u00f6rnek g\u00f6sterilen bir belediye haline geldiyse bu sadece benim de\u011fil, bu hepimizin ba\u015far\u0131s\u0131d\u0131r.&#8221; dedi.<br \/><\/p>\n","protected":false},"excerpt":{"rendered":"<p>Menemen Belediyesi \u00e7al\u0131\u015fanlar\u0131 iftar sofras\u0131nda bulu\u015ftu. T\u00fcm birimlerden personellerin aileleriyle birlikte kat\u0131ld\u0131\u011f\u0131 iftarda konu\u015fan Menemen Belediye Ba\u015fkan\u0131 Ayd\u0131n Pehlivan, &#8220;Sizlerle birlikte Menemen\u2019in d\u00f6rt bir yan\u0131na eserler kazand\u0131rmaktan, sizlerle birlikte bu kentin her k\u00f6\u015fesine hizmet ula\u015ft\u0131rmaktan ve en \u00f6nemlisi bu ailenin bir par\u00e7as\u0131 olmaktan onur, gurur, \u015feref duyuyorum.&#8221; dedi. Menemen Belediye Ba\u015fkan\u0131 Ayd\u0131n Pehlivan, &#8220;B\u00fcy\u00fck belediye&#8230;<\/p>\n","protected":false},"author":1,"featured_media":90277,"comment_status":"open","ping_status":"open","sticky":false,"template":"","format":"standard","meta":{"_crdt_document":"","footnotes":""},"categories":[1],"tags":[],"class_list":["post-90276","post","type-post","status-publish","format-standard","has-post-thumbnail","hentry","category-guncel"],"_links":{"self":[{"href":"https:\/\/www.egemtv.com\/index.php?rest_route=\/wp\/v2\/posts\/90276","targetHints":{"allow":["GET"]}}],"collection":[{"href":"https:\/\/www.egemtv.com\/index.php?rest_route=\/wp\/v2\/posts"}],"about":[{"href":"https:\/\/www.egemtv.com\/index.php?rest_route=\/wp\/v2\/types\/post"}],"author":[{"embeddable":true,"href":"https:\/\/www.egemtv.com\/index.php?rest_route=\/wp\/v2\/users\/1"}],"replies":[{"embeddable":true,"href":"https:\/\/www.egemtv.com\/index.php?rest_route=%2Fwp%2Fv2%2Fcomments&post=90276"}],"version-history":[{"count":1,"href":"https:\/\/www.egemtv.com\/index.php?rest_route=\/wp\/v2\/posts\/90276\/revisions"}],"predecessor-version":[{"id":90278,"href":"https:\/\/www.egemtv.com\/index.php?rest_route=\/wp\/v2\/posts\/90276\/revisions\/90278"}],"wp:featuredmedia":[{"embeddable":true,"href":"https:\/\/www.egemtv.com\/index.php?rest_route=\/wp\/v2\/media\/90277"}],"wp:attachment":[{"href":"https:\/\/www.egemtv.com\/index.php?rest_route=%2Fwp%2Fv2%2Fmedia&parent=90276"}],"wp:term":[{"taxonomy":"category","embeddable":true,"href":"https:\/\/www.egemtv.com\/index.php?rest_route=%2Fwp%2Fv2%2Fcategories&post=90276"},{"taxonomy":"post_tag","embeddable":true,"href":"https:\/\/www.egemtv.com\/index.php?rest_route=%2Fwp%2Fv2%2Ftags&post=90276"}],"curies":[{"name":"wp","href":"https:\/\/api.w.org\/{rel}","templated":true}]}}