{"id":90273,"date":"2026-02-25T10:55:35","date_gmt":"2026-02-25T07:55:35","guid":{"rendered":"https:\/\/www.egemtv.com\/?p=90273"},"modified":"2026-02-25T10:55:36","modified_gmt":"2026-02-25T07:55:36","slug":"ramazan-eglenceleri-incirliovada-yeniden-yasanacak","status":"publish","type":"post","link":"https:\/\/www.egemtv.com\/?p=90273","title":{"rendered":"Ramazan e\u011flenceleri, \u0130ncirliova\u2019da yeniden ya\u015fanacak"},"content":{"rendered":"<p>Karag\u00f6z-Hacivat seslerinin yank\u0131land\u0131\u011f\u0131, iftar sonras\u0131 meydanlar\u0131n \u015fenlendi\u011fi eski Ramazan ak\u015famlar\u0131n\u0131n unutulmaz atmosferi, bu ak\u015fam \u0130ncirliova Cumhuriyet Meydan\u0131\u2019nda yeniden ya\u015fanacak.<\/p>\n<p>Ayd\u0131n B\u00fcy\u00fck\u015fehir Belediyesi ve \u0130ncirliova Belediyesi i\u015fbirli\u011fiyle eski Ramazan e\u011flenceleri yeniden hayat bulacak. Ayd\u0131n B\u00fcy\u00fck\u015fehir Belediyesi ile \u0130ncirliova Belediyesi i\u015f birli\u011finde 25 \u015eubat \u00c7ar\u015famba g\u00fcn\u00fc (bu ak\u015fam) d\u00fczenlenecek iftar program\u0131 Cumhuriyet Meydan\u0131\u2019nda ger\u00e7ekle\u015ftirilecek. G\u00f6n\u00fcl sofras\u0131nda bulu\u015facak vatanda\u015flar, birlik ve beraberlik i\u00e7erisinde oru\u00e7lar\u0131n\u0131 a\u00e7acak. Ramazan etkinlikleri kapsam\u0131nda d\u00fczenlenecek programda Karag\u00f6z-Hacivat g\u00f6sterileri, meddah performanslar\u0131, \u00e7ocuk tiyatrosu ve ill\u00fczyon g\u00f6sterileri sahnelenecek. Ayr\u0131ca \u00e7ocuklar i\u00e7in \u015fi\u015fme oyun alanlar\u0131 kurulacak. Saat 18.00 ile 20.15 aras\u0131nda, program \u00f6ncesi ve sonras\u0131nda birbirinden renkli etkinlikler vatanda\u015flarla bulu\u015facak.<\/p>\n<p>\u0130ncirliova Belediye Ba\u015fkan\u0131 Aytekin Kaya, t\u00fcm halk\u0131 meydana davet ederek &#8220;Ayd\u0131n B\u00fcy\u00fck\u015fehir Belediyemiz ve \u0130ncirliova Belediyemiz i\u015f birli\u011fiyle d\u00fczenleyece\u011fimiz iftar program\u0131nda g\u00f6n\u00fcl sofram\u0131zda bulu\u015fuyoruz. T\u00fcm hem\u015fehrilerimizi birlik ve beraberlik i\u00e7erisinde oru\u00e7lar\u0131m\u0131z\u0131 a\u00e7maya davet ediyoruz. Payla\u015fman\u0131n, dayan\u0131\u015fman\u0131n ve karde\u015fli\u011fin bereketini hep birlikte ya\u015fayal\u0131m&#8221; dedi.<br \/><\/p>\n","protected":false},"excerpt":{"rendered":"<p>Karag\u00f6z-Hacivat seslerinin yank\u0131land\u0131\u011f\u0131, iftar sonras\u0131 meydanlar\u0131n \u015fenlendi\u011fi eski Ramazan ak\u015famlar\u0131n\u0131n unutulmaz atmosferi, bu ak\u015fam \u0130ncirliova Cumhuriyet Meydan\u0131\u2019nda yeniden ya\u015fanacak. Ayd\u0131n B\u00fcy\u00fck\u015fehir Belediyesi ve \u0130ncirliova Belediyesi i\u015fbirli\u011fiyle eski Ramazan e\u011flenceleri yeniden hayat bulacak. Ayd\u0131n B\u00fcy\u00fck\u015fehir Belediyesi ile \u0130ncirliova Belediyesi i\u015f birli\u011finde 25 \u015eubat \u00c7ar\u015famba g\u00fcn\u00fc (bu ak\u015fam) d\u00fczenlenecek iftar program\u0131 Cumhuriyet Meydan\u0131\u2019nda ger\u00e7ekle\u015ftirilecek. G\u00f6n\u00fcl sofras\u0131nda bulu\u015facak&#8230;<\/p>\n","protected":false},"author":1,"featured_media":90274,"comment_status":"open","ping_status":"open","sticky":false,"template":"","format":"standard","meta":{"_crdt_document":"","footnotes":""},"categories":[1],"tags":[],"class_list":["post-90273","post","type-post","status-publish","format-standard","has-post-thumbnail","hentry","category-guncel"],"_links":{"self":[{"href":"https:\/\/www.egemtv.com\/index.php?rest_route=\/wp\/v2\/posts\/90273","targetHints":{"allow":["GET"]}}],"collection":[{"href":"https:\/\/www.egemtv.com\/index.php?rest_route=\/wp\/v2\/posts"}],"about":[{"href":"https:\/\/www.egemtv.com\/index.php?rest_route=\/wp\/v2\/types\/post"}],"author":[{"embeddable":true,"href":"https:\/\/www.egemtv.com\/index.php?rest_route=\/wp\/v2\/users\/1"}],"replies":[{"embeddable":true,"href":"https:\/\/www.egemtv.com\/index.php?rest_route=%2Fwp%2Fv2%2Fcomments&post=90273"}],"version-history":[{"count":1,"href":"https:\/\/www.egemtv.com\/index.php?rest_route=\/wp\/v2\/posts\/90273\/revisions"}],"predecessor-version":[{"id":90275,"href":"https:\/\/www.egemtv.com\/index.php?rest_route=\/wp\/v2\/posts\/90273\/revisions\/90275"}],"wp:featuredmedia":[{"embeddable":true,"href":"https:\/\/www.egemtv.com\/index.php?rest_route=\/wp\/v2\/media\/90274"}],"wp:attachment":[{"href":"https:\/\/www.egemtv.com\/index.php?rest_route=%2Fwp%2Fv2%2Fmedia&parent=90273"}],"wp:term":[{"taxonomy":"category","embeddable":true,"href":"https:\/\/www.egemtv.com\/index.php?rest_route=%2Fwp%2Fv2%2Fcategories&post=90273"},{"taxonomy":"post_tag","embeddable":true,"href":"https:\/\/www.egemtv.com\/index.php?rest_route=%2Fwp%2Fv2%2Ftags&post=90273"}],"curies":[{"name":"wp","href":"https:\/\/api.w.org\/{rel}","templated":true}]}}