{"id":90270,"date":"2026-02-25T10:55:34","date_gmt":"2026-02-25T07:55:34","guid":{"rendered":"https:\/\/www.egemtv.com\/?p=90270"},"modified":"2026-02-25T10:55:35","modified_gmt":"2026-02-25T07:55:35","slug":"emette-ogrenciler-karacam-tohumlarini-saksilara-ekti","status":"publish","type":"post","link":"https:\/\/www.egemtv.com\/?p=90270","title":{"rendered":"Emet\u2019te \u00f6\u011frenciler kara\u00e7am tohumlar\u0131n\u0131 saks\u0131lara ekti"},"content":{"rendered":"<p>K\u00fctahya\u2019n\u0131n Emet il\u00e7esinde \u00f6\u011frenciler, do\u011faya nefes olmak i\u00e7in anlaml\u0131 bir etkinli\u011fe imza att\u0131.<br \/>\n<br \/>Gazi Emet \u0130lkokulu\u2019nda d\u00fczenlenen etkinlikte, Emet Orman \u0130\u015fletme M\u00fcd\u00fcrl\u00fc\u011f\u00fc taraf\u0131ndan temin edilen kara\u00e7am tohumlar\u0131 \u00f6\u011frenciler taraf\u0131ndan saks\u0131lara ekildi. Ormanlardan toplanan kara\u00e7am tohumlar\u0131; Emet Orman \u0130\u015fletme \u015eefi Nazmi Gacar, \u00d6rencik Orman \u0130\u015fletme \u015eefi Abdullah Atabay ve orman \u00e7al\u0131\u015fanlar\u0131n\u0131n kat\u0131l\u0131m\u0131yla yakla\u015f\u0131k 250 \u00f6\u011frencinin heyecanl\u0131 \u00e7al\u0131\u015fmas\u0131yla toprakla bulu\u015fturuldu. Etkinlikte \u00f6\u011frenciler hem tohum ekimini uygulamal\u0131 olarak \u00f6\u011frendi hem de do\u011fa sevgisini peki\u015ftirdi. Saks\u0131lara ekilen kara\u00e7am tohumlar\u0131n\u0131n bak\u0131m\u0131n\u0131 \u00f6\u011frenciler \u00fcstlenecek. Tohumlar fidan haline geldi\u011finde ise ihtiya\u00e7 duyulan alanlara dikilerek do\u011faya kazand\u0131r\u0131lacak.<br \/>\n<br \/>Yetkililer, &#8220;Her tohum bir umut, her fidan bir s\u00f6z, her a\u011fa\u00e7 bir mirast\u0131r&#8221; vurgusuyla, do\u011fa bilinciyle yeti\u015fen nesiller i\u00e7in \u00e7al\u0131\u015fmalar\u0131n\u0131 s\u00fcrd\u00fcreceklerini ifade etti.<br \/><\/p>\n","protected":false},"excerpt":{"rendered":"<p>K\u00fctahya\u2019n\u0131n Emet il\u00e7esinde \u00f6\u011frenciler, do\u011faya nefes olmak i\u00e7in anlaml\u0131 bir etkinli\u011fe imza att\u0131. Gazi Emet \u0130lkokulu\u2019nda d\u00fczenlenen etkinlikte, Emet Orman \u0130\u015fletme M\u00fcd\u00fcrl\u00fc\u011f\u00fc taraf\u0131ndan temin edilen kara\u00e7am tohumlar\u0131 \u00f6\u011frenciler taraf\u0131ndan saks\u0131lara ekildi. Ormanlardan toplanan kara\u00e7am tohumlar\u0131; Emet Orman \u0130\u015fletme \u015eefi Nazmi Gacar, \u00d6rencik Orman \u0130\u015fletme \u015eefi Abdullah Atabay ve orman \u00e7al\u0131\u015fanlar\u0131n\u0131n kat\u0131l\u0131m\u0131yla yakla\u015f\u0131k 250 \u00f6\u011frencinin heyecanl\u0131&#8230;<\/p>\n","protected":false},"author":1,"featured_media":90271,"comment_status":"open","ping_status":"open","sticky":false,"template":"","format":"standard","meta":{"_crdt_document":"","footnotes":""},"categories":[1],"tags":[],"class_list":["post-90270","post","type-post","status-publish","format-standard","has-post-thumbnail","hentry","category-guncel"],"_links":{"self":[{"href":"https:\/\/www.egemtv.com\/index.php?rest_route=\/wp\/v2\/posts\/90270","targetHints":{"allow":["GET"]}}],"collection":[{"href":"https:\/\/www.egemtv.com\/index.php?rest_route=\/wp\/v2\/posts"}],"about":[{"href":"https:\/\/www.egemtv.com\/index.php?rest_route=\/wp\/v2\/types\/post"}],"author":[{"embeddable":true,"href":"https:\/\/www.egemtv.com\/index.php?rest_route=\/wp\/v2\/users\/1"}],"replies":[{"embeddable":true,"href":"https:\/\/www.egemtv.com\/index.php?rest_route=%2Fwp%2Fv2%2Fcomments&post=90270"}],"version-history":[{"count":1,"href":"https:\/\/www.egemtv.com\/index.php?rest_route=\/wp\/v2\/posts\/90270\/revisions"}],"predecessor-version":[{"id":90272,"href":"https:\/\/www.egemtv.com\/index.php?rest_route=\/wp\/v2\/posts\/90270\/revisions\/90272"}],"wp:featuredmedia":[{"embeddable":true,"href":"https:\/\/www.egemtv.com\/index.php?rest_route=\/wp\/v2\/media\/90271"}],"wp:attachment":[{"href":"https:\/\/www.egemtv.com\/index.php?rest_route=%2Fwp%2Fv2%2Fmedia&parent=90270"}],"wp:term":[{"taxonomy":"category","embeddable":true,"href":"https:\/\/www.egemtv.com\/index.php?rest_route=%2Fwp%2Fv2%2Fcategories&post=90270"},{"taxonomy":"post_tag","embeddable":true,"href":"https:\/\/www.egemtv.com\/index.php?rest_route=%2Fwp%2Fv2%2Ftags&post=90270"}],"curies":[{"name":"wp","href":"https:\/\/api.w.org\/{rel}","templated":true}]}}