{"id":90267,"date":"2026-02-25T10:55:33","date_gmt":"2026-02-25T07:55:33","guid":{"rendered":"https:\/\/www.egemtv.com\/?p=90267"},"modified":"2026-02-25T10:55:34","modified_gmt":"2026-02-25T07:55:34","slug":"heyelan-yasanan-barajin-cevresinde-felaketin-boyutu-goruntulere-yansidi","status":"publish","type":"post","link":"https:\/\/www.egemtv.com\/?p=90267","title":{"rendered":"Heyelan ya\u015fanan baraj\u0131n \u00e7evresinde felaketin boyutu g\u00f6r\u00fcnt\u00fclere yans\u0131d\u0131"},"content":{"rendered":"<p>Afyonkarahisar\u2019da su seviyesinin artmas\u0131 ile \u00e7evresinde heyelan ya\u015fanan baraj b\u00f6lgesine giri\u015f ve \u00e7\u0131k\u0131\u015flar yasaklan\u0131rken, olayda devrilen a\u011fa\u00e7lar ve kapanan yollar ise felaketin boyutunu g\u00f6zler \u00f6n\u00fcne serdi.<br \/>\n<br \/>Afyonkarahisar kent merkezin ile birlikte il\u00e7elerde son g\u00fcnlerde ya\u015fanan ya\u011f\u0131\u015flar sonras\u0131 baraj ve g\u00f6letlerdeki doluluk seviyeleri h\u0131zla artt\u0131. Sultanda\u011f\u0131 il\u00e7esindeki Do\u011fanc\u0131k Baraj\u0131\u2019nda da su seviyesi ya\u011f\u0131\u015flarla birlikte artt\u0131. Art\u0131\u015fla birlikte baraj g\u00f6l\u00fc \u00e7evresindeki patika yollar\u0131n ge\u00e7ti\u011fi ormanl\u0131k alanda heyelan ya\u015fand\u0131. Heyelanda can kayb\u0131 ya da yaralanma olmad\u0131. Herhangi bir olumsuzlu\u011fun ya\u015fanmamas\u0131 i\u00e7in baraj b\u00f6lgesine giri\u015fler al\u0131nan karar do\u011frultusunda yasakland\u0131. Heyelan\u0131n ya\u015fand\u0131\u011f\u0131 b\u00f6lgede devrilen a\u011fa\u00e7lar ile birlikte toprak ve \u00e7amurun yollar\u0131 kapatmas\u0131 ise facian\u0131n boyutunu g\u00f6sterdi.<br \/>\n<br \/>Edinilen bilgilerde, ilgili kurumlar taraf\u0131ndan barajda su tahliyesinin kontroll\u00fc bir \u015fekilde devam etti\u011fi belirtildi.<br \/><\/p>\n","protected":false},"excerpt":{"rendered":"<p>Afyonkarahisar\u2019da su seviyesinin artmas\u0131 ile \u00e7evresinde heyelan ya\u015fanan baraj b\u00f6lgesine giri\u015f ve \u00e7\u0131k\u0131\u015flar yasaklan\u0131rken, olayda devrilen a\u011fa\u00e7lar ve kapanan yollar ise felaketin boyutunu g\u00f6zler \u00f6n\u00fcne serdi. Afyonkarahisar kent merkezin ile birlikte il\u00e7elerde son g\u00fcnlerde ya\u015fanan ya\u011f\u0131\u015flar sonras\u0131 baraj ve g\u00f6letlerdeki doluluk seviyeleri h\u0131zla artt\u0131. Sultanda\u011f\u0131 il\u00e7esindeki Do\u011fanc\u0131k Baraj\u0131\u2019nda da su seviyesi ya\u011f\u0131\u015flarla birlikte artt\u0131. Art\u0131\u015fla&#8230;<\/p>\n","protected":false},"author":1,"featured_media":90268,"comment_status":"open","ping_status":"open","sticky":false,"template":"","format":"standard","meta":{"_crdt_document":"","footnotes":""},"categories":[5],"tags":[],"class_list":["post-90267","post","type-post","status-publish","format-standard","has-post-thumbnail","hentry","category-asayis"],"_links":{"self":[{"href":"https:\/\/www.egemtv.com\/index.php?rest_route=\/wp\/v2\/posts\/90267","targetHints":{"allow":["GET"]}}],"collection":[{"href":"https:\/\/www.egemtv.com\/index.php?rest_route=\/wp\/v2\/posts"}],"about":[{"href":"https:\/\/www.egemtv.com\/index.php?rest_route=\/wp\/v2\/types\/post"}],"author":[{"embeddable":true,"href":"https:\/\/www.egemtv.com\/index.php?rest_route=\/wp\/v2\/users\/1"}],"replies":[{"embeddable":true,"href":"https:\/\/www.egemtv.com\/index.php?rest_route=%2Fwp%2Fv2%2Fcomments&post=90267"}],"version-history":[{"count":1,"href":"https:\/\/www.egemtv.com\/index.php?rest_route=\/wp\/v2\/posts\/90267\/revisions"}],"predecessor-version":[{"id":90269,"href":"https:\/\/www.egemtv.com\/index.php?rest_route=\/wp\/v2\/posts\/90267\/revisions\/90269"}],"wp:featuredmedia":[{"embeddable":true,"href":"https:\/\/www.egemtv.com\/index.php?rest_route=\/wp\/v2\/media\/90268"}],"wp:attachment":[{"href":"https:\/\/www.egemtv.com\/index.php?rest_route=%2Fwp%2Fv2%2Fmedia&parent=90267"}],"wp:term":[{"taxonomy":"category","embeddable":true,"href":"https:\/\/www.egemtv.com\/index.php?rest_route=%2Fwp%2Fv2%2Fcategories&post=90267"},{"taxonomy":"post_tag","embeddable":true,"href":"https:\/\/www.egemtv.com\/index.php?rest_route=%2Fwp%2Fv2%2Ftags&post=90267"}],"curies":[{"name":"wp","href":"https:\/\/api.w.org\/{rel}","templated":true}]}}